
{"id":27432,"date":"2005-07-01T06:00:00","date_gmt":"2005-07-01T12:00:00","guid":{"rendered":"https:\/\/www.nfu.ca\/renforcer-les-capacites-des-fermiers-canadiens-sur-le-marche\/"},"modified":"2005-07-01T06:00:00","modified_gmt":"2005-07-01T12:00:00","slug":"renforcer-les-capacites-des-fermiers-canadiens-sur-le-marche","status":"publish","type":"post","link":"https:\/\/www.nfu.ca\/fr\/renforcer-les-capacites-des-fermiers-canadiens-sur-le-marche\/","title":{"rendered":"Donner aux fermi\u00e8res canadiennes les moyens d&rsquo;agir sur le march\u00e9"},"content":{"rendered":"<h2>Rapport du secr\u00e9taire parlementaire du ministre de l&rsquo;agriculture et de l&rsquo;agroalimentaire &#8212; juillet 2005<\/h2>\n<h3>Table des mati\u00e8res<\/h3>\n<ul>\n<li>Mandat<\/li>\n<li>Lettre au ministre<\/li>\n<li>L&rsquo;\u00e9conomie agricole en crise<\/li>\n<li>Consultations sur le revenu agricole<\/li>\n<li>Impact de la r\u00e9glementation gouvernementale<\/li>\n<li>Am\u00e9liorer le revenu agricole<\/li>\n<li>La n\u00e9cessit\u00e9 d&rsquo;investir<\/li>\n<li>Conclusion<\/li>\n<li>Recommandations<\/li>\n<li>Sources d&rsquo;information<\/li>\n<li>Annexe 1 &#8211; Mesures prises par le gouvernement<\/li>\n<\/ul>\n","protected":false},"excerpt":{"rendered":"<p>Rapport du secr\u00e9taire parlementaire du ministre de l&rsquo;agriculture et de l&rsquo;agroalimentaire &#8212; juillet 2005Table des mati\u00e8resMandatLettre au ministreL&rsquo;\u00e9conomie agricole en criseConsultations sur le revenu agricoleImpact de la r\u00e9glementation gouvernementaleAm\u00e9liorer le revenu agricoleLa n\u00e9cessit\u00e9 d&rsquo;investirConclusionRecommandationsSources d&rsquo;informationAnnexe 1 &#8211; Mesures prises par le gouvernement<\/p>\n","protected":false},"author":2,"featured_media":0,"comment_status":"closed","ping_status":"closed","sticky":false,"template":"","format":"standard","meta":{"_acf_changed":false,"_tec_requires_first_save":true,"_EventAllDay":false,"_EventTimezone":"","_EventStartDate":"","_EventEndDate":"","_EventStartDateUTC":"","_EventEndDateUTC":"","_EventShowMap":false,"_EventShowMapLink":false,"_EventURL":"","_EventCost":"","_EventCostDescription":"","_EventCurrencySymbol":"","_EventCurrencyCode":"","_EventCurrencyPosition":"","_EventDateTimeSeparator":"","_EventTimeRangeSeparator":"","_EventOrganizerID":[],"_EventVenueID":[],"_OrganizerEmail":"","_OrganizerPhone":"","_OrganizerWebsite":"","_VenueAddress":"","_VenueCity":"","_VenueCountry":"","_VenueProvince":"","_VenueState":"","_VenueZip":"","_VenuePhone":"","_VenueURL":"","_VenueStateProvince":"","_VenueLat":"","_VenueLng":"","_VenueShowMap":false,"_VenueShowMapLink":false,"_tribe_blocks_recurrence_rules":"","_tribe_blocks_recurrence_description":"","_tribe_blocks_recurrence_exclusions":"","_ecp_custom_4":"","_ecp_custom_7":"","_ecp_custom_9":"","_ecp_custom_10":"","_ecp_custom_12":"","_ecp_custom_13":"","footnotes":""},"categories":[295],"tags":[],"post_region":[],"post_campaign":[],"class_list":["post-27432","post","type-post","status-publish","format-standard","hentry","category-communique-de-presse"],"acf":[],"_links":{"self":[{"href":"https:\/\/www.nfu.ca\/fr\/wp-json\/wp\/v2\/posts\/27432","targetHints":{"allow":["GET"]}}],"collection":[{"href":"https:\/\/www.nfu.ca\/fr\/wp-json\/wp\/v2\/posts"}],"about":[{"href":"https:\/\/www.nfu.ca\/fr\/wp-json\/wp\/v2\/types\/post"}],"author":[{"embeddable":true,"href":"https:\/\/www.nfu.ca\/fr\/wp-json\/wp\/v2\/users\/2"}],"replies":[{"embeddable":true,"href":"https:\/\/www.nfu.ca\/fr\/wp-json\/wp\/v2\/comments?post=27432"}],"version-history":[{"count":0,"href":"https:\/\/www.nfu.ca\/fr\/wp-json\/wp\/v2\/posts\/27432\/revisions"}],"wp:attachment":[{"href":"https:\/\/www.nfu.ca\/fr\/wp-json\/wp\/v2\/media?parent=27432"}],"wp:term":[{"taxonomy":"category","embeddable":true,"href":"https:\/\/www.nfu.ca\/fr\/wp-json\/wp\/v2\/categories?post=27432"},{"taxonomy":"post_tag","embeddable":true,"href":"https:\/\/www.nfu.ca\/fr\/wp-json\/wp\/v2\/tags?post=27432"},{"taxonomy":"post_region","embeddable":true,"href":"https:\/\/www.nfu.ca\/fr\/wp-json\/wp\/v2\/post_region?post=27432"},{"taxonomy":"post_campaign","embeddable":true,"href":"https:\/\/www.nfu.ca\/fr\/wp-json\/wp\/v2\/post_campaign?post=27432"}],"curies":[{"name":"wp","href":"https:\/\/api.w.org\/{rel}","templated":true}]}}