
{"id":27241,"date":"2014-08-14T19:46:52","date_gmt":"2014-08-15T01:46:52","guid":{"rendered":"https:\/\/www.nfu.ca\/quelquun-appelle-la-cfia-2\/"},"modified":"2014-08-14T19:46:52","modified_gmt":"2014-08-15T01:46:52","slug":"quelquun-appelle-la-cfia-2","status":"publish","type":"post","link":"https:\/\/www.nfu.ca\/fr\/quelquun-appelle-la-cfia-2\/","title":{"rendered":"Appelez l&rsquo;ACIA !"},"content":{"rendered":"<p><img decoding=\"async\" title=\"Peter Lundgard v\u00e9rifie les nichoirs \u00e0 abeilles coupeuses de feuilles \u00e0 Nature's Way Farm, Grimshaw Alberta.\" src=\"https:\/\/www.nfu.ca\/wp-content\/uploads\/2018\/04\/Peter%20bees.jpg\" alt=\"\"><img loading=\"lazy\" decoding=\"async\" class=\"alignright size-full wp-image-2081\" src=\"https:\/\/www.nfu.ca\/wp-content\/uploads\/2018\/04\/Peter-bees.jpg\" alt=\"Abeilles de Peter\" width=\"845\" height=\"350\" srcset=\"https:\/\/www.nfu.ca\/wp-content\/uploads\/2018\/04\/Peter-bees.jpg 845w, https:\/\/www.nfu.ca\/wp-content\/uploads\/2018\/04\/Peter-bees-300x124.jpg 300w, https:\/\/www.nfu.ca\/wp-content\/uploads\/2018\/04\/Peter-bees-768x318.jpg 768w\" sizes=\"auto, (max-width: 845px) 100vw, 845px\" \/><\/p>\n<p>&nbsp;<\/p>\n<p><em>\u00ab\u00a0Bonjour, j&rsquo;ai vraiment besoin de parler \u00e0 un haut fonctionnaire ! Mon voisin a plant\u00e9 la nouvelle culture de luzerne g\u00e9n\u00e9tiquement modifi\u00e9e (GM) \u00e0 c\u00f4t\u00e9 de chez lui. Cela fait maintenant 30 ans que je conserve des semences de luzerne, une vari\u00e9t\u00e9 non g\u00e9n\u00e9tiquement modifi\u00e9e, et j&rsquo;ai peur de continuer.\u00a0\u00bb<\/em><\/p>\n<p><em>Vous savez ce que c&rsquo;est, ce sont des abeilles uniques par leur taille et leur capacit\u00e9 \u00e0 polliniser la luzerne. La fleur de luzerne poss\u00e8de un m\u00e9canisme de d\u00e9clenchement semblable \u00e0 un p\u00e9tale, qui cache le nectar et le pollen, et lorsque ce p\u00e9tale est d\u00e9clench\u00e9, il frappe l&rsquo;abeille \u00e0 la t\u00eate. L&rsquo;abeille coupeuse de feuilles, quant \u00e0 elle, conna\u00eet le m\u00e9canisme de d\u00e9clenchement de la luzerne et peut acc\u00e9der au pollen et polliniser la luzerne sans \u00eatre touch\u00e9e. La pollinisation par les abeilles coupeuses de feuilles entra\u00eene une augmentation spectaculaire de la production de graines pour l&rsquo;ann\u00e9e en cours.  <\/em><\/p>\n<p><em>Revenons au vrai probl\u00e8me : vous ne croirez pas ce qui s&rsquo;est pass\u00e9 ensuite ! J&rsquo;ai vu cette abeille coupeuse de feuilles, un peu voyou si je puis dire, voler jusqu&rsquo;au champ de notre voisin et se poser sur un plant de luzerne g\u00e9n\u00e9tiquement modifi\u00e9e. L&rsquo;abeille a franchi le m\u00e9canisme de d\u00e9clenchement de la luzerne et s&rsquo;est couverte de pollen g\u00e9n\u00e9tiquement modifi\u00e9. Le petit bonhomme s&rsquo;amusait visiblement, il semblait s&rsquo;attarder dans le pollen et je jure que j&rsquo;ai vu un sourire sur son visage. Il s&rsquo;est ensuite envol\u00e9 du plant de luzerne g\u00e9n\u00e9tiquement modifi\u00e9e, est revenu dans notre champ et s&rsquo;est pos\u00e9 sur l&rsquo;une de mes filles, ce plant de luzerne pure non g\u00e9n\u00e9tiquement modifi\u00e9e.  <\/em><\/p>\n<p><em>Je ne peux pas exprimer mon horreur. J&rsquo;ai essay\u00e9 de crier, de supplier M. Bee de l\u00e2cher ma pauvre fille, mais il \u00e9tait trop tard : du pollen g\u00e9n\u00e9tiquement modifi\u00e9 partout.<\/em><\/p>\n<p><em>Je crains qu&rsquo;il n&rsquo;y ait un risque de contamination et que nous n&rsquo;ayons des semences de luzerne g\u00e9n\u00e9tiquement modifi\u00e9es hybrides issues de cette mascarade et contenant des traces d&rsquo;OGM !<\/em><\/p>\n<p><em>Je veux porter plainte contre cette abeille ! Aidez-moi.<\/em><\/p>\n<p>_________________________________________________________________________________<\/p>\n<p>En r\u00e9alit\u00e9, il ne s&rsquo;agit pas d&rsquo;une plaisanterie. Ma famille \u00e9l\u00e8ve des abeilles coupeuses de feuilles depuis 30 ans et nous r\u00e9coltons, stockons, conservons et vendons des semences de luzerne. Malheureusement, ce droit fondamental des fermi\u00e8res de conserver des semences ann\u00e9e apr\u00e8s ann\u00e9e et de les vendre \u00e0 leur voisin ou d&rsquo;en faire une petite entreprise est en voie d&rsquo;extinction.<\/p>\n<p>L&rsquo;Agence canadienne d&rsquo;inspection des aliments (ACIA) a enregistr\u00e9 une vari\u00e9t\u00e9 de luzerne g\u00e9n\u00e9tiquement modifi\u00e9e dont la vente et la plantation sont d\u00e9sormais autoris\u00e9es au Canada. L&rsquo;un des principaux probl\u00e8mes est que Monsanto a brevet\u00e9 le caract\u00e8re g\u00e9n\u00e9tiquement modifi\u00e9 de la r\u00e9sistance au round up dans la luzerne ; par cons\u00e9quent, Monsanto poss\u00e8de le droit au caract\u00e8re g\u00e9n\u00e9tiquement modifi\u00e9 dans cette vari\u00e9t\u00e9 de luzerne g\u00e9n\u00e9tiquement modifi\u00e9e. Si une personne souhaite cultiver ou conserver des semences contenant ce caract\u00e8re g\u00e9n\u00e9tiquement modifi\u00e9, elle doit en acheter le droit \u00e0 Monsanto. Mais que se passe-t-il lorsqu&rsquo;un fermier conserve ses semences depuis 30 ans et que le caract\u00e8re g\u00e9n\u00e9tiquement modifi\u00e9 de Monsanto commence \u00e0 appara\u00eetre dans ses semences ?<\/p>\n<p>La luzerne est pollinis\u00e9e par les abeilles. Rien n&#8217;emp\u00eache un fermiere voisin de cultiver de la luzerne g\u00e9n\u00e9tiquement modifi\u00e9e juste \u00e0 c\u00f4t\u00e9 d&rsquo;un fermiere qui a conserv\u00e9 des semences de luzerne non g\u00e9n\u00e9tiquement modifi\u00e9e. Les abeilles pollinisent naturellement les champs de luzerne. Lorsque les abeilles volent entre deux champs en fleurs, une luzerne g\u00e9n\u00e9tiquement modifi\u00e9e et une luzerne non g\u00e9n\u00e9tiquement modifi\u00e9e, il y a pollinisation crois\u00e9e, ce qui signifie que les semences produites du c\u00f4t\u00e9 du fermier non g\u00e9n\u00e9tiquement modifi\u00e9 contiendront dans une certaine mesure le caract\u00e8re g\u00e9n\u00e9tiquement modifi\u00e9. Si le fermiere conserve et replante ces semences, la contamination g\u00e9n\u00e9tique continue de se multiplier par la pollinisation crois\u00e9e qui se produit chaque ann\u00e9e. Si un fermiere qui cultive des semences qui ne contenaient pas de traces d&rsquo;OGM \u00e0 l&rsquo;origine vend des semences qui sont maintenant contamin\u00e9es par l&rsquo;OGM, il risque d&rsquo;\u00eatre poursuivi en justice par l&rsquo;entreprise qui d\u00e9tient le \u00ab\u00a0brevet\u00a0\u00bb de l&rsquo;OGM. Pire encore, le fermier peut \u00eatre poursuivi en justice par Monsanto ou par tout autre d\u00e9tenteur du brevet sur cette semence, simplement parce qu&rsquo;il a fait pousser le caract\u00e8re g\u00e9n\u00e9tiquement modifi\u00e9 sur ses terres. La fermiere perdra probablement tout ce qu&rsquo;elle a perdu en raison des frais de justice et du co\u00fbt des redevances que l&rsquo;entreprise propri\u00e9taire du brevet r\u00e9clamerait. Lorsqu&rsquo;il n&rsquo;y aura plus de fermiere pour conserver et vendre des semences, les entreprises contr\u00f4leront le syst\u00e8me de semences. Perdre le contr\u00f4le, c&rsquo;est perdre la s\u00e9curit\u00e9.<\/p>\n<p>Un autre probl\u00e8me majeur de la luzerne g\u00e9n\u00e9tiquement modifi\u00e9e est qu&rsquo;une fois plant\u00e9e, la plupart des fermiers vous diront qu&rsquo;il est difficile de la tuer. Si vous plantez de la luzerne g\u00e9n\u00e9tiquement modifi\u00e9e et que vous d\u00e9cidez l&rsquo;ann\u00e9e suivante que vous n&rsquo;en voulez plus dans votre exploitation, elle reviendra toujours. S&rsquo;il s&rsquo;agit de luzerne g\u00e9n\u00e9tiquement modifi\u00e9e, elle contaminera les champs de luzerne non g\u00e9n\u00e9tiquement modifi\u00e9e situ\u00e9s \u00e0 proximit\u00e9.<\/p>\n<p>Je ne veux pas de luzerne g\u00e9n\u00e9tiquement modifi\u00e9e dans ma cha\u00eene alimentaire ! Malheureusement, \u00e9tant donn\u00e9 que la luzerne est le principal fourrage des bovins, des ovins, des bisons et des animaux laitiers, je pense qu&rsquo;il sera difficile de l&rsquo;\u00e9viter \u00e0 l&rsquo;avenir.<\/p>\n<p>Si vous souhaitez en savoir plus sur la luzerne g\u00e9n\u00e9tiquement modifi\u00e9e, lisez les liens ci-dessous. Commencez \u00e0 parler de cette question, car il n&rsquo;est jamais trop tard pour essayer d&rsquo;arr\u00eater la propagation et la contamination de la luzerne ou de toute autre culture.<\/p>\n<p><em><span class=\"nfu-name-inline\"><\/span>Campagne \u00ab\u00a0Stop \u00e0 la luzerne g\u00e9n\u00e9tiquement modifi\u00e9e\u00a0\u00bb de la Commission europ\u00e9enne<\/em><\/p>\n<p><em><a href=\"http:\/\/www.cban.ca\/Resources\/Topics\/GE-Crops-and-Foods-Not-on-the-Market\/Alfalfa\" target=\"_blank\" rel=\"noopener\">R\u00e9seau canadien d&rsquo;action sur les biotechnologies<\/a><\/em><\/p>\n","protected":false},"excerpt":{"rendered":"<p>Je ne veux pas de luzerne g\u00e9n\u00e9tiquement modifi\u00e9e dans ma cha\u00eene alimentaire ! Malheureusement, \u00e9tant donn\u00e9 que la luzerne est le principal fourrage des bovins, des ovins, des bisons et des animaux laitiers, je pense qu&rsquo;il sera difficile de l&rsquo;\u00e9viter \u00e0 l&rsquo;avenir.<\/p>\n","protected":false},"author":56,"featured_media":23431,"comment_status":"closed","ping_status":"closed","sticky":false,"template":"","format":"standard","meta":{"_acf_changed":false,"_tec_requires_first_save":true,"_EventAllDay":false,"_EventTimezone":"","_EventStartDate":"","_EventEndDate":"","_EventStartDateUTC":"","_EventEndDateUTC":"","_EventShowMap":false,"_EventShowMapLink":false,"_EventURL":"","_EventCost":"","_EventCostDescription":"","_EventCurrencySymbol":"","_EventCurrencyCode":"","_EventCurrencyPosition":"","_EventDateTimeSeparator":"","_EventTimeRangeSeparator":"","_EventOrganizerID":[],"_EventVenueID":[],"_OrganizerEmail":"","_OrganizerPhone":"","_OrganizerWebsite":"","_VenueAddress":"","_VenueCity":"","_VenueCountry":"","_VenueProvince":"","_VenueState":"","_VenueZip":"","_VenuePhone":"","_VenueURL":"","_VenueStateProvince":"","_VenueLat":"","_VenueLng":"","_VenueShowMap":false,"_VenueShowMapLink":false,"_tribe_blocks_recurrence_rules":"","_tribe_blocks_recurrence_description":"","_tribe_blocks_recurrence_exclusions":"","_ecp_custom_4":"","_ecp_custom_7":"","_ecp_custom_9":"","_ecp_custom_10":"","_ecp_custom_12":"","_ecp_custom_13":"","footnotes":""},"categories":[303],"tags":[357],"post_region":[],"post_campaign":[337],"class_list":["post-27241","post","type-post","status-publish","format-standard","has-post-thumbnail","hentry","category-blog-fr","tag-biotechnologie","post_campaign-luzerne-genetiquement-modifiee"],"acf":[],"_links":{"self":[{"href":"https:\/\/www.nfu.ca\/fr\/wp-json\/wp\/v2\/posts\/27241","targetHints":{"allow":["GET"]}}],"collection":[{"href":"https:\/\/www.nfu.ca\/fr\/wp-json\/wp\/v2\/posts"}],"about":[{"href":"https:\/\/www.nfu.ca\/fr\/wp-json\/wp\/v2\/types\/post"}],"author":[{"embeddable":true,"href":"https:\/\/www.nfu.ca\/fr\/wp-json\/wp\/v2\/users\/56"}],"replies":[{"embeddable":true,"href":"https:\/\/www.nfu.ca\/fr\/wp-json\/wp\/v2\/comments?post=27241"}],"version-history":[{"count":0,"href":"https:\/\/www.nfu.ca\/fr\/wp-json\/wp\/v2\/posts\/27241\/revisions"}],"wp:featuredmedia":[{"embeddable":true,"href":"https:\/\/www.nfu.ca\/fr\/wp-json\/wp\/v2\/media\/23431"}],"wp:attachment":[{"href":"https:\/\/www.nfu.ca\/fr\/wp-json\/wp\/v2\/media?parent=27241"}],"wp:term":[{"taxonomy":"category","embeddable":true,"href":"https:\/\/www.nfu.ca\/fr\/wp-json\/wp\/v2\/categories?post=27241"},{"taxonomy":"post_tag","embeddable":true,"href":"https:\/\/www.nfu.ca\/fr\/wp-json\/wp\/v2\/tags?post=27241"},{"taxonomy":"post_region","embeddable":true,"href":"https:\/\/www.nfu.ca\/fr\/wp-json\/wp\/v2\/post_region?post=27241"},{"taxonomy":"post_campaign","embeddable":true,"href":"https:\/\/www.nfu.ca\/fr\/wp-json\/wp\/v2\/post_campaign?post=27241"}],"curies":[{"name":"wp","href":"https:\/\/api.w.org\/{rel}","templated":true}]}}