
{"id":27176,"date":"2013-08-20T16:49:25","date_gmt":"2013-08-20T22:49:25","guid":{"rendered":"https:\/\/www.nfu.ca\/luzerne-genetiquement-modifiee-elements-de-preuve-de-la-demande-devaluation-environnementale\/"},"modified":"2013-08-20T16:49:25","modified_gmt":"2013-08-20T22:49:25","slug":"luzerne-genetiquement-modifiee-elements-de-preuve-de-la-demande-devaluation-environnementale","status":"publish","type":"post","link":"https:\/\/www.nfu.ca\/fr\/luzerne-genetiquement-modifiee-elements-de-preuve-de-la-demande-devaluation-environnementale\/","title":{"rendered":"Luzerne g\u00e9n\u00e9tiquement modifi\u00e9e &#8211; \u00e9l\u00e9ments de preuve de la demande d&rsquo;\u00e9valuation environnementale"},"content":{"rendered":"<p>Le 25 juillet 2013, la fermi\u00e8re laiti\u00e8re certifi\u00e9e biologique Diane Dowling et le fermier mixte et producteur de b\u0153uf nourri \u00e0 l&rsquo;herbe, Dave Lewington, tous deux membres actifs du site <span class=\"nfu-acronym-en\"><\/span>, ont officiellement demand\u00e9 au gouvernement de l&rsquo;Ontario de proc\u00e9der \u00e0 une \u00e9valuation environnementale de la luzerne g\u00e9n\u00e9tiquement modifi\u00e9e (GM) avant que la semence ne soit vendue dans la province. Ils ont d\u00e9pos\u00e9 une demande au titre de la Charte des droits environnementaux de l&rsquo;Ontario, la toute premi\u00e8re demande relative \u00e0 la question des cultures g\u00e9n\u00e9tiquement modifi\u00e9es.<\/p>\n<p>En vertu de la Charte des droits environnementaux, les r\u00e9sidents de l&rsquo;Ontario peuvent demander une \u00e9valuation environnementale s&rsquo;ils estiment qu&rsquo;une nouvelle activit\u00e9 commerciale importante pourrait avoir des effets n\u00e9gatifs sur l&rsquo;environnement et l&rsquo;\u00e9conomie de l&rsquo;Ontario. La demande souligne que la contamination par les OGM serait in\u00e9vitable. Il d\u00e9taille \u00e9galement les co\u00fbts environnementaux et \u00e9conomiques des mauvaises herbes r\u00e9sistantes aux herbicides et de l&rsquo;utilisation accrue d&rsquo;herbicides qui r\u00e9sulteraient de la luzerne GM Roundup Ready. La demande a \u00e9t\u00e9 pr\u00e9par\u00e9e par un grand nombre de personnes et de groupes, dont <span class=\"nfu-acronym-en\"><\/span>, le R\u00e9seau canadien d&rsquo;action sur les biotechnologies (RCAB) et l&rsquo;Organic Agriculture Protection Fund (OAPF), bas\u00e9 en Saskatchewan, qui partagent les m\u00eames inqui\u00e9tudes quant aux risques que pose la luzerne g\u00e9n\u00e9tiquement modifi\u00e9e.<\/p>\n<p>Lisez le <a href=\"https:\/\/www.nfu.ca\/wp-content\/uploads\/2018\/04\/Application%20File%20for%20Public%20Distribution%20RRA%20July%202013.pdf\">r\u00e9sum\u00e9 des \u00e9l\u00e9ments de preuve<\/a> (PDF) soumis.<\/p>\n","protected":false},"excerpt":{"rendered":"<p>Le 25 juillet 2013, Diane Dowling, productrice laiti\u00e8re certifi\u00e9e biologique, et Dave Lewington, fermiere mixte et producteur de b\u0153uf nourri \u00e0 l&rsquo;herbe, tous deux membres actifs de l&rsquo;UNF, ont officiellement demand\u00e9 au gouvernement de l&rsquo;Ontario de proc\u00e9der \u00e0 une \u00e9valuation environnementale de la luzerne g\u00e9n\u00e9tiquement modifi\u00e9e (GM) avant que la semence ne soit vendue dans la province. Ils ont d\u00e9pos\u00e9 une demande au titre de la Charte des droits environnementaux de l&rsquo;Ontario, la toute premi\u00e8re demande relative \u00e0 la question des cultures g\u00e9n\u00e9tiquement modifi\u00e9es.<\/p>\n","protected":false},"author":2,"featured_media":0,"comment_status":"closed","ping_status":"closed","sticky":false,"template":"","format":"standard","meta":{"_acf_changed":false,"_tec_requires_first_save":true,"_EventAllDay":false,"_EventTimezone":"","_EventStartDate":"","_EventEndDate":"","_EventStartDateUTC":"","_EventEndDateUTC":"","_EventShowMap":false,"_EventShowMapLink":false,"_EventURL":"","_EventCost":"","_EventCostDescription":"","_EventCurrencySymbol":"","_EventCurrencyCode":"","_EventCurrencyPosition":"","_EventDateTimeSeparator":"","_EventTimeRangeSeparator":"","_EventOrganizerID":[],"_EventVenueID":[],"_OrganizerEmail":"","_OrganizerPhone":"","_OrganizerWebsite":"","_VenueAddress":"","_VenueCity":"","_VenueCountry":"","_VenueProvince":"","_VenueState":"","_VenueZip":"","_VenuePhone":"","_VenueURL":"","_VenueStateProvince":"","_VenueLat":"","_VenueLng":"","_VenueShowMap":false,"_VenueShowMapLink":false,"_tribe_blocks_recurrence_rules":"","_tribe_blocks_recurrence_description":"","_tribe_blocks_recurrence_exclusions":"","_ecp_custom_4":"","_ecp_custom_7":"","_ecp_custom_9":"","_ecp_custom_10":"","_ecp_custom_12":"","_ecp_custom_13":"","footnotes":""},"categories":[295],"tags":[],"post_region":[],"post_campaign":[],"class_list":["post-27176","post","type-post","status-publish","format-standard","hentry","category-communique-de-presse"],"acf":[],"_links":{"self":[{"href":"https:\/\/www.nfu.ca\/fr\/wp-json\/wp\/v2\/posts\/27176","targetHints":{"allow":["GET"]}}],"collection":[{"href":"https:\/\/www.nfu.ca\/fr\/wp-json\/wp\/v2\/posts"}],"about":[{"href":"https:\/\/www.nfu.ca\/fr\/wp-json\/wp\/v2\/types\/post"}],"author":[{"embeddable":true,"href":"https:\/\/www.nfu.ca\/fr\/wp-json\/wp\/v2\/users\/2"}],"replies":[{"embeddable":true,"href":"https:\/\/www.nfu.ca\/fr\/wp-json\/wp\/v2\/comments?post=27176"}],"version-history":[{"count":0,"href":"https:\/\/www.nfu.ca\/fr\/wp-json\/wp\/v2\/posts\/27176\/revisions"}],"wp:attachment":[{"href":"https:\/\/www.nfu.ca\/fr\/wp-json\/wp\/v2\/media?parent=27176"}],"wp:term":[{"taxonomy":"category","embeddable":true,"href":"https:\/\/www.nfu.ca\/fr\/wp-json\/wp\/v2\/categories?post=27176"},{"taxonomy":"post_tag","embeddable":true,"href":"https:\/\/www.nfu.ca\/fr\/wp-json\/wp\/v2\/tags?post=27176"},{"taxonomy":"post_region","embeddable":true,"href":"https:\/\/www.nfu.ca\/fr\/wp-json\/wp\/v2\/post_region?post=27176"},{"taxonomy":"post_campaign","embeddable":true,"href":"https:\/\/www.nfu.ca\/fr\/wp-json\/wp\/v2\/post_campaign?post=27176"}],"curies":[{"name":"wp","href":"https:\/\/api.w.org\/{rel}","templated":true}]}}