
{"id":27173,"date":"2013-07-31T22:46:30","date_gmt":"2013-08-01T04:46:30","guid":{"rendered":"https:\/\/www.nfu.ca\/unf-nb-convention-regionale-nb-et-pe-aout-6-2013\/"},"modified":"2013-07-31T22:46:30","modified_gmt":"2013-08-01T04:46:30","slug":"unf-nb-convention-regionale-nb-et-pe-aout-6-2013","status":"publish","type":"post","link":"https:\/\/www.nfu.ca\/fr\/unf-nb-convention-regionale-nb-et-pe-aout-6-2013\/","title":{"rendered":"L&rsquo;UNF organise un congr\u00e8s r\u00e9gional (N.-B., N.-\u00c9. et \u00ce.-P.-\u00c9.) le 6 ao\u00fbt 2013"},"content":{"rendered":"<p>Les membres du site <span class=\"nfu-name-inline\"><\/span> (<span class=\"nfu-acronym-en\"><\/span>) de l&rsquo;\u00cele-du-Prince-\u00c9douard, de la Nouvelle-\u00c9cosse et du Nouveau-Brunswick se r\u00e9uniront \u00e0 Cornwall (\u00ce.-P.-\u00c9.) le 6 ao\u00fbt 2013. La convention r\u00e9gionale <span class=\"nfu-acronym-en\"><\/span> se tiendra au Dutch Inn \u00e0 partir de 9h30.<\/p>\n<p><strong>Les orateurs sont les suivants<\/strong><br \/>\n<span class=\"nfu-acronym-en\"><\/span>  Pr\u00e9sident Terry Boehm (via Skype)<br \/>\nJennifer Taylor ; UPEI<br \/>\nDon Jardine &#8211; Laboratoire climatique de l&rsquo;UPEI<br \/>\nMark Austin &#8211; Pr\u00e9sident d&rsquo;USC Canada<br \/>\nDave Aiton &#8211; Mise \u00e0 jour sur le programme Cultivons l&rsquo;avenir II<br \/>\nEn outre, les r\u00e9solutions propos\u00e9es lors de l&rsquo;assembl\u00e9e seront d\u00e9battues. Des \u00e9lections auront lieu pour d\u00e9signer les deux repr\u00e9sentants de la r\u00e9gion 1 au conseil d&rsquo;administration de <span class=\"nfu-acronym-en\"><\/span>, ainsi que les membres des comit\u00e9s consultatifs des femmes et des jeunes, et un membre du comit\u00e9 des Programmes Internationaux.<\/p>\n<p>Le site <span class=\"nfu-acronym-en\"><\/span> est une organisation nationale \u00e0 adh\u00e9sion directe compos\u00e9e de familles d&rsquo;agriculteurs. Le site <span class=\"nfu-acronym-en\"><\/span> promeut des politiques qui favorisent la gestion de l&rsquo;environnement et qui renforcent le syst\u00e8me de production alimentaire de l&rsquo;exploitation familiale.<\/p>\n<p>&#8211; 30 &#8211;<\/p>\n<p><strong>Contact :<\/strong> Randall Affleck, <span class=\"nfu-acronym-en\"><\/span> Coordinateur de la r\u00e9gion 1 : (902) 887-2597 ou (902) 432-0930<\/p>\n","protected":false},"excerpt":{"rendered":"<p>Les membres de la Nationale des Fermiers (UNF) de l&rsquo;\u00cele-du-Prince-\u00c9douard, de la Nouvelle-\u00c9cosse et du Nouveau-Brunswick se r\u00e9uniront \u00e0 Cornwall, \u00e0 l&rsquo;\u00cele-du-Prince-\u00c9douard, le 6 ao\u00fbt 2013. La convention r\u00e9gionale de l&rsquo;UNF se tiendra au Dutch Inn \u00e0 partir de 9h30.<\/p>\n","protected":false},"author":2,"featured_media":0,"comment_status":"closed","ping_status":"closed","sticky":false,"template":"","format":"standard","meta":{"_acf_changed":false,"_tec_requires_first_save":true,"_EventAllDay":false,"_EventTimezone":"","_EventStartDate":"","_EventEndDate":"","_EventStartDateUTC":"","_EventEndDateUTC":"","_EventShowMap":false,"_EventShowMapLink":false,"_EventURL":"","_EventCost":"","_EventCostDescription":"","_EventCurrencySymbol":"","_EventCurrencyCode":"","_EventCurrencyPosition":"","_EventDateTimeSeparator":"","_EventTimeRangeSeparator":"","_EventOrganizerID":[],"_EventVenueID":[],"_OrganizerEmail":"","_OrganizerPhone":"","_OrganizerWebsite":"","_VenueAddress":"","_VenueCity":"","_VenueCountry":"","_VenueProvince":"","_VenueState":"","_VenueZip":"","_VenuePhone":"","_VenueURL":"","_VenueStateProvince":"","_VenueLat":"","_VenueLng":"","_VenueShowMap":false,"_VenueShowMapLink":false,"_tribe_blocks_recurrence_rules":"","_tribe_blocks_recurrence_description":"","_tribe_blocks_recurrence_exclusions":"","_ecp_custom_4":"","_ecp_custom_7":"","_ecp_custom_9":"","_ecp_custom_10":"","_ecp_custom_12":"","_ecp_custom_13":"","footnotes":""},"categories":[295],"tags":[398],"post_region":[317],"post_campaign":[],"class_list":["post-27173","post","type-post","status-publish","format-standard","hentry","category-communique-de-presse","tag-convention-fr","post_region-region-1-fr"],"acf":[],"_links":{"self":[{"href":"https:\/\/www.nfu.ca\/fr\/wp-json\/wp\/v2\/posts\/27173","targetHints":{"allow":["GET"]}}],"collection":[{"href":"https:\/\/www.nfu.ca\/fr\/wp-json\/wp\/v2\/posts"}],"about":[{"href":"https:\/\/www.nfu.ca\/fr\/wp-json\/wp\/v2\/types\/post"}],"author":[{"embeddable":true,"href":"https:\/\/www.nfu.ca\/fr\/wp-json\/wp\/v2\/users\/2"}],"replies":[{"embeddable":true,"href":"https:\/\/www.nfu.ca\/fr\/wp-json\/wp\/v2\/comments?post=27173"}],"version-history":[{"count":0,"href":"https:\/\/www.nfu.ca\/fr\/wp-json\/wp\/v2\/posts\/27173\/revisions"}],"wp:attachment":[{"href":"https:\/\/www.nfu.ca\/fr\/wp-json\/wp\/v2\/media?parent=27173"}],"wp:term":[{"taxonomy":"category","embeddable":true,"href":"https:\/\/www.nfu.ca\/fr\/wp-json\/wp\/v2\/categories?post=27173"},{"taxonomy":"post_tag","embeddable":true,"href":"https:\/\/www.nfu.ca\/fr\/wp-json\/wp\/v2\/tags?post=27173"},{"taxonomy":"post_region","embeddable":true,"href":"https:\/\/www.nfu.ca\/fr\/wp-json\/wp\/v2\/post_region?post=27173"},{"taxonomy":"post_campaign","embeddable":true,"href":"https:\/\/www.nfu.ca\/fr\/wp-json\/wp\/v2\/post_campaign?post=27173"}],"curies":[{"name":"wp","href":"https:\/\/api.w.org\/{rel}","templated":true}]}}