
{"id":27142,"date":"2016-04-13T13:21:10","date_gmt":"2016-04-13T19:21:10","guid":{"rendered":"https:\/\/www.nfu.ca\/lunf-o-se-reunit-avec-le-ministre-de-lomaf-pour-discuter-du-terrain-commun-et-des-possibilites-damelioration\/"},"modified":"2016-04-13T13:21:10","modified_gmt":"2016-04-13T19:21:10","slug":"lunf-o-se-reunit-avec-le-ministre-de-lomaf-pour-discuter-du-terrain-commun-et-des-possibilites-damelioration","status":"publish","type":"post","link":"https:\/\/www.nfu.ca\/fr\/lunf-o-se-reunit-avec-le-ministre-de-lomaf-pour-discuter-du-terrain-commun-et-des-possibilites-damelioration\/","title":{"rendered":"L&rsquo;UNF-O rencontre le ministre du MAAARO et constate qu&rsquo;il existe un terrain d&rsquo;entente et des possibilit\u00e9s d&rsquo;am\u00e9lioration"},"content":{"rendered":"<p>La gestion d&rsquo;une exploitation agricole se fait souvent autour de la table de la cuisine, entre les membres de la famille. Dans cette optique, le conseil d&rsquo;administration de <span class=\"nfu-name-inline\"><\/span>-Ontario a invit\u00e9 Jeff Leal, ministre de l&rsquo;Agriculture, de l&rsquo;Alimentation et des Affaires rurales de l&rsquo;Ontario, \u00e0 se joindre \u00e0 eux autour d&rsquo;un d\u00e9jeuner pour discuter de mani\u00e8re r\u00e9fl\u00e9chie des questions qui pr\u00e9occupent les fermi\u00e8res familiales repr\u00e9sent\u00e9es par <span class=\"nfu-acronym-en\"><\/span>-O.<\/p>\n<p>Lors de cette r\u00e9union, qui s&rsquo;est tenue le 9 avril dans la circonscription de Peterborough, o\u00f9 habite M. Leal, ce dernier et le site <span class=\"nfu-acronym-en\"><\/span>-O ont eu une discussion approfondie sur d&rsquo;importantes questions agricoles, notamment la gestion des risques, le changement climatique, la vente d&rsquo;Hydro One et le commerce international. Le site <span class=\"nfu-acronym-en\"><\/span>-O a \u00e9galement fourni \u00e0 Leal des documents d&rsquo;information sur des questions cl\u00e9s.<\/p>\n<p>\u00ab\u00a0Il est important que le site <span class=\"nfu-acronym-en\"><\/span>-O ait un acc\u00e8s libre au ministre de l&rsquo;agriculture. Nous avons appr\u00e9ci\u00e9 notre rencontre avec le ministre Leal, nous avons appr\u00e9ci\u00e9 son temps et nous sommes heureux de voir qu&rsquo;il prend au s\u00e9rieux des questions telles que la sant\u00e9 des sols et le changement climatique\u00a0\u00bb, a d\u00e9clar\u00e9 Emery Huszka, pr\u00e9sident du site <span class=\"nfu-acronym-en\"><\/span>-O.<\/p>\n<p>Le site <span class=\"nfu-acronym-en\"><\/span>-O a soulign\u00e9 la n\u00e9cessit\u00e9 de faire de l&rsquo;agriculture une option de carri\u00e8re viable pour les jeunes. Alors que la moiti\u00e9 de la d\u00e9l\u00e9gation qui a rencontr\u00e9 le ministre avait moins de 40 ans, l&rsquo;\u00e2ge moyen des fermiers au Canada est aujourd&rsquo;hui sup\u00e9rieur \u00e0 55 ans, et de nombreux agriculteurs continuent de travailler bien apr\u00e8s l&rsquo;\u00e2ge normal de la retraite.<\/p>\n<p>\u00ab\u00a0La hausse du prix des terres et les d\u00e9penses agricoles \u00e9lev\u00e9es sont des obstacles pour les jeunes\u00a0\u00bb, explique Martin Boettcher, <span class=\"nfu-acronym-en\"><\/span>-O Youth Advisor. \u00ab\u00a0Nous avons besoin de plus de fermiers, pas moins, et cela signifie qu&rsquo;il faut s&rsquo;assurer que les nouveaux agriculteurs ont les moyens de cultiver des aliments et d&rsquo;acc\u00e9der \u00e0 la terre.\u00a0\u00bb<\/p>\n<p>Le site <span class=\"nfu-acronym-en\"><\/span>-O aborde la question de la d\u00e9population et du d\u00e9-financement des services dans les zones rurales de l&rsquo;Ontario. \u00ab\u00a0Nous devons veiller \u00e0 ce que les communaut\u00e9s rurales disposent des services sociaux et de sant\u00e9 n\u00e9cessaires pour attirer les gens. Compte tenu du vieillissement de la population agricole, le gouvernement doit veiller \u00e0 ce que les h\u00f4pitaux de la province disposent de services d&rsquo;urgence et de premi\u00e8re ligne\u00a0\u00bb, a d\u00e9clar\u00e9 Katie Ward, <span class=\"nfu-acronym-en\"><\/span>-O Women&rsquo;s Advisor.<\/p>\n<p>Le site <span class=\"nfu-acronym-en\"><\/span>-O a \u00e9galement interpell\u00e9 le ministre sur l&rsquo;absence de financement ad\u00e9quat pour le r\u00e9cent programme d&rsquo;incitation \u00e0 l&rsquo;assainissement des terres agricoles dans le cadre du programme d&rsquo;incitation \u00e0 l&rsquo;intendance de la r\u00e9gion des Grands Lacs (Great Lakes Area Stewardship Incentive &#8211; GLASI). Le financement du partage des co\u00fbts pour aider les fermi\u00e8res \u00e0 am\u00e9liorer les sols, la qualit\u00e9 de l&rsquo;eau et la sant\u00e9 des pollinisateurs \u00e9tait une bonne id\u00e9e et a montr\u00e9 que la plupart des fermi\u00e8res \u00e9taient dispos\u00e9es \u00e0 apporter des am\u00e9liorations environnementales si elles recevaient un soutien financier, mais les fonds disponibles ont \u00e9t\u00e9 \u00e9puis\u00e9s dans les 24 heures qui ont suivi l&rsquo;ouverture du programme.<\/p>\n<p>\u00ab\u00a0Le changement climatique pose un \u00e9norme probl\u00e8me, et la sant\u00e9 des terres agricoles est essentielle pour y faire face\u00a0\u00bb, a d\u00e9clar\u00e9 M. Boettcher. \u00ab\u00a0Les fonds publics allou\u00e9s doivent \u00eatre \u00e0 la hauteur de l&rsquo;ampleur du probl\u00e8me. La s\u00e9questration des gaz \u00e0 effet de serre est un bien public\u00a0\u00bb, a-t-il poursuivi, \u00ab\u00a0et cela n\u00e9cessite un investissement public dans l&rsquo;agriculture durable. Les fermi\u00e8res ne peuvent pas porter le fardeau seules.\u00a0\u00bb<\/p>\n<p>Les pratiques respectueuses de l&rsquo;environnement dans les exploitations agricoles peuvent contribuer \u00e0 pi\u00e9ger le carbone de l&rsquo;air dans le sol. Mais la stagnation des revenus agricoles nets et le manque d&rsquo;investissement dans les communaut\u00e9s rurales font que les fermi\u00e8res n&rsquo;ont pas les moyens d&rsquo;adopter certaines de ces pratiques.<\/p>\n<p>\u00ab\u00a0Nous pr\u00e9voyons de rencontrer \u00e0 nouveau le ministre Leal prochainement pour assurer le suivi de ces priorit\u00e9s\u00a0\u00bb, a d\u00e9clar\u00e9 M. Huszka.<\/p>\n<p>Le site <span class=\"nfu-acronym-en\"><\/span>-O repr\u00e9sente des milliers d&rsquo;exploitations agricoles familiales dans tout l&rsquo;Ontario et fait partie du principal organisme national de d\u00e9fense de l&rsquo;exploitation agricole familiale durable.<\/p>\n<div id=\"content\" class=\"column\">\n<div class=\"section\">\n<div id=\"content-area\">\n<div id=\"node-726\" class=\"node node-type-story node-promoted clearfix\">\n<div class=\"content\">\n<div>&#8211; 30 &#8211;<\/div>\n<div><\/div>\n<div><strong>Pour plus d&rsquo;informations :<\/strong><\/div>\n<div><\/div>\n<div>Emery Huszka, <span class=\"nfu-acronym-en\"><\/span>-O Pr\u00e9sident : 519-692-4892 ou <a href=\"mailto:president@nfuontario.ca\" target=\"_blank\" rel=\"noopener\">president@nfuontario.ca<\/a><\/div>\n<div>Martin Boettcher, <span class=\"nfu-acronym-en\"><\/span>-O Conseiller de la jeunesse : 519-292-6085 ou <a href=\"http:\/\/martyboettcher1@gmail.com\" target=\"_blank\" rel=\"noopener\">martyboettcher1@gmail.com<\/a><\/div>\n<\/div>\n<\/div>\n<\/div>\n<\/div>\n<\/div>\n","protected":false},"excerpt":{"rendered":"<p>Le conseil d&rsquo;administration de l&rsquo;UNF-Ontario a invit\u00e9 Jeff Leal, ministre de l&rsquo;Agriculture, de l&rsquo;Alimentation et des Affaires rurales de l&rsquo;Ontario, \u00e0 discuter de mani\u00e8re r\u00e9fl\u00e9chie des questions qui pr\u00e9occupent les fermi\u00e8res familiales que l&rsquo;UNF-O repr\u00e9sente.  <\/p>\n","protected":false},"author":12,"featured_media":0,"comment_status":"closed","ping_status":"closed","sticky":false,"template":"","format":"standard","meta":{"_acf_changed":false,"_tec_requires_first_save":true,"_EventAllDay":false,"_EventTimezone":"","_EventStartDate":"","_EventEndDate":"","_EventStartDateUTC":"","_EventEndDateUTC":"","_EventShowMap":false,"_EventShowMapLink":false,"_EventURL":"","_EventCost":"","_EventCostDescription":"","_EventCurrencySymbol":"","_EventCurrencyCode":"","_EventCurrencyPosition":"","_EventDateTimeSeparator":"","_EventTimeRangeSeparator":"","_EventOrganizerID":[],"_EventVenueID":[],"_OrganizerEmail":"","_OrganizerPhone":"","_OrganizerWebsite":"","_VenueAddress":"","_VenueCity":"","_VenueCountry":"","_VenueProvince":"","_VenueState":"","_VenueZip":"","_VenuePhone":"","_VenueURL":"","_VenueStateProvince":"","_VenueLat":"","_VenueLng":"","_VenueShowMap":false,"_VenueShowMapLink":false,"_tribe_blocks_recurrence_rules":"","_tribe_blocks_recurrence_description":"","_tribe_blocks_recurrence_exclusions":"","_ecp_custom_4":"","_ecp_custom_7":"","_ecp_custom_9":"","_ecp_custom_10":"","_ecp_custom_12":"","_ecp_custom_13":"","footnotes":""},"categories":[295],"tags":[],"post_region":[322],"post_campaign":[],"class_list":["post-27142","post","type-post","status-publish","format-standard","hentry","category-communique-de-presse","post_region-region-3"],"acf":[],"_links":{"self":[{"href":"https:\/\/www.nfu.ca\/fr\/wp-json\/wp\/v2\/posts\/27142","targetHints":{"allow":["GET"]}}],"collection":[{"href":"https:\/\/www.nfu.ca\/fr\/wp-json\/wp\/v2\/posts"}],"about":[{"href":"https:\/\/www.nfu.ca\/fr\/wp-json\/wp\/v2\/types\/post"}],"author":[{"embeddable":true,"href":"https:\/\/www.nfu.ca\/fr\/wp-json\/wp\/v2\/users\/12"}],"replies":[{"embeddable":true,"href":"https:\/\/www.nfu.ca\/fr\/wp-json\/wp\/v2\/comments?post=27142"}],"version-history":[{"count":0,"href":"https:\/\/www.nfu.ca\/fr\/wp-json\/wp\/v2\/posts\/27142\/revisions"}],"wp:attachment":[{"href":"https:\/\/www.nfu.ca\/fr\/wp-json\/wp\/v2\/media?parent=27142"}],"wp:term":[{"taxonomy":"category","embeddable":true,"href":"https:\/\/www.nfu.ca\/fr\/wp-json\/wp\/v2\/categories?post=27142"},{"taxonomy":"post_tag","embeddable":true,"href":"https:\/\/www.nfu.ca\/fr\/wp-json\/wp\/v2\/tags?post=27142"},{"taxonomy":"post_region","embeddable":true,"href":"https:\/\/www.nfu.ca\/fr\/wp-json\/wp\/v2\/post_region?post=27142"},{"taxonomy":"post_campaign","embeddable":true,"href":"https:\/\/www.nfu.ca\/fr\/wp-json\/wp\/v2\/post_campaign?post=27142"}],"curies":[{"name":"wp","href":"https:\/\/api.w.org\/{rel}","templated":true}]}}