
{"id":27137,"date":"2016-03-31T13:41:03","date_gmt":"2016-03-31T19:41:03","guid":{"rendered":"https:\/\/www.nfu.ca\/lunf-soutient-la-campagne-move-en-faveur-des-droits-des-travailleurs-migrants\/"},"modified":"2016-03-31T13:41:03","modified_gmt":"2016-03-31T19:41:03","slug":"lunf-soutient-la-campagne-move-en-faveur-des-droits-des-travailleurs-migrants","status":"publish","type":"post","link":"https:\/\/www.nfu.ca\/fr\/lunf-soutient-la-campagne-move-en-faveur-des-droits-des-travailleurs-migrants\/","title":{"rendered":"L&rsquo;UNF soutient la campagne de MoVE pour les droits des travailleurs migrants"},"content":{"rendered":"<p><span class=\"nfu-name-inline\">The <\/span>  (<span class=\"nfu-acronym-en\"><\/span>) a soutenu la campagne Mobilit\u00e9, voix et \u00e9galit\u00e9 pour les travailleurs migrants (MoVE) organis\u00e9e par la Coalition pour les droits des travailleurs migrants &#8211; Canada. Le site <span class=\"nfu-acronym-en\"><\/span> se joint \u00e0 l&rsquo;appel en faveur de changements r\u00e9glementaires afin que les travailleurs migrants puissent plus facilement passer d&rsquo;un emploi \u00e0 l&rsquo;autre, am\u00e9liorant ainsi les conditions de travail et de vie des travailleurs n\u00e9s au Canada et des travailleurs migrants. La campagne demande \u00e9galement le passage de permis de travail li\u00e9s \u00e0 des permis de travail ouverts, la suppression des d\u00e9lais pour les permis de travail et des restrictions sur les \u00e9valuations de l&rsquo;impact sur le march\u00e9 du travail (EIMT), y compris une limite de temps de 4 ans sur la capacit\u00e9 des travailleurs \u00e0 rester et le statut d&rsquo;immigrant r\u00e9sident permanent \u00e0 l&rsquo;arriv\u00e9e pour les travailleurs immigr\u00e9s.<\/p>\n<p>\u00ab\u00a0Le site <span class=\"nfu-acronym-en\"><\/span> soutient depuis longtemps les travailleurs agricoles migrants, dont beaucoup sont des fermiers qui ont \u00e9t\u00e9 chass\u00e9s de leurs terres dans leur pays d&rsquo;origine\u00a0\u00bb, a d\u00e9clar\u00e9 Reg Phelan, membre du conseil d&rsquo;administration de la r\u00e9gion 1 (Maritimes) du site <span class=\"nfu-acronym-en\"><\/span>. \u00ab\u00a0La fa\u00e7on dont le Canada emp\u00eache actuellement les travailleurs migrants de changer d&#8217;emploi accro\u00eet leur vuln\u00e9rabilit\u00e9 \u00e0 la discrimination, y compris \u00e0 des salaires inf\u00e9rieurs et \u00e0 des conditions de travail dangereuses.<\/p>\n<p>\u00ab\u00a0Aujourd&rsquo;hui, si un travailleur migrant est licenci\u00e9 parce qu&rsquo;il a d\u00e9fendu ses droits, il peut \u00eatre expuls\u00e9\u00a0\u00bb, a d\u00e9clar\u00e9 Ayla Fenton, pr\u00e9sidente de <span class=\"nfu-acronym-en\"><\/span> Youth. \u00ab\u00a0Permettre aux travailleurs migrants de changer d&#8217;emploi et leur offrir imm\u00e9diatement le statut de r\u00e9sident permanent am\u00e9liorera la qualit\u00e9 des emplois et renforcera l&rsquo;\u00e9quit\u00e9 pour les employeurs \u00e9thiques qui ne l\u00e9sinent pas sur les moyens\u00a0\u00bb.<\/p>\n<p>\u00ab\u00a0Le site <span class=\"nfu-acronym-en\"><\/span> est un membre fondateur de La Via Campesina, le mouvement mondial qui rassemble des organisations repr\u00e9sentant les petites et moyennes fermi\u00e8res, les paysans, les travailleurs agricoles, les femmes rurales et les communaut\u00e9s indig\u00e8nes\u00a0\u00bb, a ajout\u00e9 M. Phelan. \u00ab\u00a0Notre soutien \u00e0 la campagne MoVE est l&rsquo;expression de notre solidarit\u00e9 avec les fermiers et les travailleurs agricoles du monde entier.\u00a0\u00bb<\/p>\n<p>Pour en savoir plus sur la campagne, visitez le site web de MoVE \u00e0 l&rsquo;adresse MigrantRights.ca.<\/p>\n<p>&#8211; 30 &#8211;<\/p>\n<p><strong>Pour plus d&rsquo;informations :<\/strong><\/p>\n<p>Alya Fenton, <span class=\"nfu-acronym-en\"><\/span> Pr\u00e9sidente des jeunes : 613-539-3341<br \/>\nReg Phelan, <span class=\"nfu-acronym-en\"><\/span> R\u00e9gion 1 (Maritimes) Membre du conseil d&rsquo;administration : 902-961-2428 ou 902-218-1545<\/p>\n","protected":false},"excerpt":{"rendered":"<p>La Nationale des Fermiers (UNF) a soutenu la campagne Mobilit\u00e9, voix et \u00e9galit\u00e9 pour les travailleurs migrants (MoVE) organis\u00e9e par la Coalition pour les droits des travailleurs migrants &#8211; Canada.<\/p>\n","protected":false},"author":2,"featured_media":0,"comment_status":"closed","ping_status":"closed","sticky":false,"template":"","format":"standard","meta":{"_acf_changed":false,"_tec_requires_first_save":true,"_EventAllDay":false,"_EventTimezone":"","_EventStartDate":"","_EventEndDate":"","_EventStartDateUTC":"","_EventEndDateUTC":"","_EventShowMap":false,"_EventShowMapLink":false,"_EventURL":"","_EventCost":"","_EventCostDescription":"","_EventCurrencySymbol":"","_EventCurrencyCode":"","_EventCurrencyPosition":"","_EventDateTimeSeparator":"","_EventTimeRangeSeparator":"","_EventOrganizerID":[],"_EventVenueID":[],"_OrganizerEmail":"","_OrganizerPhone":"","_OrganizerWebsite":"","_VenueAddress":"","_VenueCity":"","_VenueCountry":"","_VenueProvince":"","_VenueState":"","_VenueZip":"","_VenuePhone":"","_VenueURL":"","_VenueStateProvince":"","_VenueLat":"","_VenueLng":"","_VenueShowMap":false,"_VenueShowMapLink":false,"_tribe_blocks_recurrence_rules":"","_tribe_blocks_recurrence_description":"","_tribe_blocks_recurrence_exclusions":"","_ecp_custom_4":"","_ecp_custom_7":"","_ecp_custom_9":"","_ecp_custom_10":"","_ecp_custom_12":"","_ecp_custom_13":"","footnotes":""},"categories":[295],"tags":[400,382,361],"post_region":[],"post_campaign":[],"class_list":["post-27137","post","type-post","status-publish","format-standard","hentry","category-communique-de-presse","tag-comite-des-programmes-internationaux","tag-solidarite-internationale","tag-travailleurs-agricoles"],"acf":[],"_links":{"self":[{"href":"https:\/\/www.nfu.ca\/fr\/wp-json\/wp\/v2\/posts\/27137","targetHints":{"allow":["GET"]}}],"collection":[{"href":"https:\/\/www.nfu.ca\/fr\/wp-json\/wp\/v2\/posts"}],"about":[{"href":"https:\/\/www.nfu.ca\/fr\/wp-json\/wp\/v2\/types\/post"}],"author":[{"embeddable":true,"href":"https:\/\/www.nfu.ca\/fr\/wp-json\/wp\/v2\/users\/2"}],"replies":[{"embeddable":true,"href":"https:\/\/www.nfu.ca\/fr\/wp-json\/wp\/v2\/comments?post=27137"}],"version-history":[{"count":0,"href":"https:\/\/www.nfu.ca\/fr\/wp-json\/wp\/v2\/posts\/27137\/revisions"}],"wp:attachment":[{"href":"https:\/\/www.nfu.ca\/fr\/wp-json\/wp\/v2\/media?parent=27137"}],"wp:term":[{"taxonomy":"category","embeddable":true,"href":"https:\/\/www.nfu.ca\/fr\/wp-json\/wp\/v2\/categories?post=27137"},{"taxonomy":"post_tag","embeddable":true,"href":"https:\/\/www.nfu.ca\/fr\/wp-json\/wp\/v2\/tags?post=27137"},{"taxonomy":"post_region","embeddable":true,"href":"https:\/\/www.nfu.ca\/fr\/wp-json\/wp\/v2\/post_region?post=27137"},{"taxonomy":"post_campaign","embeddable":true,"href":"https:\/\/www.nfu.ca\/fr\/wp-json\/wp\/v2\/post_campaign?post=27137"}],"curies":[{"name":"wp","href":"https:\/\/api.w.org\/{rel}","templated":true}]}}