
{"id":26828,"date":"2018-09-06T08:32:22","date_gmt":"2018-09-06T14:32:22","guid":{"rendered":"https:\/\/www.nfu.ca\/les-groupes-nord-americains-appellent-le-canada-a-sopposer-a-washington-sur-lalena\/"},"modified":"2025-10-02T23:29:50","modified_gmt":"2025-10-03T05:29:50","slug":"les-groupes-nord-americains-appellent-le-canada-a-sopposer-a-washington-sur-lalena","status":"publish","type":"post","link":"https:\/\/www.nfu.ca\/fr\/les-groupes-nord-americains-appellent-le-canada-a-sopposer-a-washington-sur-lalena\/","title":{"rendered":"Les groupes nord-am\u00e9ricains demandent au Canada de tenir t\u00eate \u00e0 Washington sur l&rsquo;ALENA"},"content":{"rendered":"<p><strong>OTTAWA, TORONTO, MEXICO, WASHINGTON &#8211;<\/strong>Le climat politique et \u00e9conomique dans lequel le Canada, le Mexique et les \u00c9tats-Unis ont entam\u00e9 les ren\u00e9gociations de l&rsquo;ALENA en 2017 s&rsquo;est drastiquement d\u00e9t\u00e9rior\u00e9 en 2018, le Canada ayant r\u00e9cemment \u00e9t\u00e9 e\ufb00ectivement mis \u00e0 l&rsquo;\u00e9cart. Au cours de la derni\u00e8re semaine d&rsquo;ao\u00fbt, un tweet du pr\u00e9sident am\u00e9ricain Donald Trump a annonc\u00e9 que l&rsquo;acronyme ALENA serait enterr\u00e9 \u00e0 jamais pour \u00eatre remplac\u00e9 par un nouvel accord, l&rsquo;accord commercial entre les \u00c9tats-Unis et le Mexique.<\/p>\n<p>Des organisations du Canada, du Mexique et des \u00c9tats-Unis d\u00e9noncent la strat\u00e9gie de Trump consistant \u00e0 \u00ab\u00a0diviser pour mieux r\u00e9gner\u00a0\u00bb, qui risque de r\u00e9duire un accord commercial entre trois pays \u00e0 deux accords bilat\u00e9raux.<\/p>\n<p>Selon la pr\u00e9sidente d&rsquo;honneur du Conseil des Canadiens, Maude Barlow : \u00a0\u00bb L&rsquo;annonce par Trump d&rsquo;un accord commercial avec le Mexique montre ce que nous avons dit il y a 30 ans \u00e0 propos du libre-\u00e9change avec les \u00c9tats-Unis : mettre toutes nos pommes commerciales dans le m\u00eame panier donnerait au gouvernement am\u00e9ricain et aux entreprises am\u00e9ricaines trop de pouvoir sur le Canada. Nous avions raison !\u00a0\u00bb<\/p>\n<p>Le repr\u00e9sentant am\u00e9ricain au commerce a d\u00e9clar\u00e9 : \u00ab\u00a0Les \u00c9tats-Unis et le Mexique sont parvenus \u00e0 un accord de principe pr\u00e9liminaire, sous r\u00e9serve de finalisation et de mise en \u0153uvre. Selon Manuel Perez-Rocha, chercheur associ\u00e9 \u00e0 l&rsquo;Institute for Policy Studies (IPS), bas\u00e9 \u00e0 Washington, la ren\u00e9gociation de l&rsquo;ALENA a atteint un stade kafka\u00efen : \u00ab\u00a0La ren\u00e9gociation de l&rsquo;ALENA a atteint un stade kafka\u00efen. Non seulement les n\u00e9gociations n&rsquo;ont pas \u00e9t\u00e9 finalis\u00e9es, et ont \u00e9t\u00e9 r\u00e9cemment minor\u00e9es au Canada, mais les textes restent cach\u00e9s au public\u00a0\u00bb.<\/p>\n<p>\u00ab\u00a0Nous appelons le Canada \u00e0 rejeter les pressions exerc\u00e9es pour qu&rsquo;il accepte imm\u00e9diatement l&rsquo;accord commercial entre les \u00c9tats-Unis et le Mexique, que M. Trump voudrait pr\u00e9senter comme un succ\u00e8s de propagande \u00e0 l&rsquo;approche des \u00e9lections de mi-mandat aux \u00c9tats-Unis en novembre. Les \u00e9ch\u00e9ances comme celle-ci ne sont rien d&rsquo;autre que des moyens de pression pour forcer les n\u00e9gociateurs commerciaux \u00e0 faire des compromis alors que ce n&rsquo;est probablement pas le Congr\u00e8s am\u00e9ricain actuel qui s&rsquo;en occupera\u00a0\u00bb, a d\u00e9clar\u00e9 le professeur Alberto Arroyo Picard de l&rsquo;Universit\u00e9 autonome m\u00e9tropolitaine (Mexique) et membre de la coalition Mexico Better Without FTAs (Le Mexique meilleur sans accords de libre-\u00e9change). M. Arroyo a ajout\u00e9 : \u00ab\u00a0Bien que les n\u00e9gociateurs mexicains actuels d\u00e9clarent hypocritement qu&rsquo;ils veulent que le Canada fasse partie du trait\u00e9, la v\u00e9rit\u00e9 est que c&rsquo;est le prochain gouvernement mexicain qui s&rsquo;engagera r\u00e9ellement \u00e0 ce que cela se produise, ce qui co\u00efncide \u00e9galement avec la position des organisations populaires mexicaines\u00a0\u00bb.<\/p>\n<p>Apr\u00e8s que les \u00c9tats-Unis ont notifi\u00e9 au Congr\u00e8s, le 31 ao\u00fbt 2018, leur intention de signer un accord avec le Mexique, avec ou sans le Canada, Sharon Treat, avocate principale de l&rsquo;Institute for Agriculture and Trade Policy (IATP), a d\u00e9clar\u00e9 : \u00ab\u00a0Un accord ALENA sans la participation du Canada n&rsquo;est pas un accord achev\u00e9\u00a0\u00bb. En ce qui concerne les fr\u00e9quents tweets de Trump appelant le gouvernement canadien \u00e0 d\u00e9manteler le programme canadien de gestion de l&rsquo;offre de produits laitiers, qui a fait ses preuves, Mme Treat souligne : \u00ab\u00a0Plut\u00f4t que de d\u00e9truire l&rsquo;industrie laiti\u00e8re canadienne, nous devrions apprendre de leur exemple et adopter des politiques qui r\u00e9ussissent \u00e0 \u00e9quilibrer l&rsquo;offre et la demande et \u00e0 \u00e9lever nos propres fermi\u00e8res. C&rsquo;est la raison pour laquelle les associations d&rsquo;agriculteurs familiaux aux \u00c9tats-Unis ont parl\u00e9 de la n\u00e9cessit\u00e9 de revoir la politique laiti\u00e8re nationale &#8230;. plut\u00f4t que d&rsquo;attaquer le programme canadien.\u00a0\u00bb<\/p>\n<p>Aucun des trois gouvernements de l&rsquo;ALENA ne communique au public les d\u00e9tails des n\u00e9gociations.<\/p>\n<p>\u00ab\u00a0Nous demandons au gouvernement canadien de publier imm\u00e9diatement tout texte convenu et de remplacer ces n\u00e9gociations secr\u00e8tes par un authentique processus de consultation impliquant les l\u00e9gislateurs et la soci\u00e9t\u00e9 civile\u00a0\u00bb, a d\u00e9clar\u00e9 Rick Arnold, pr\u00e9sident du groupe commercial du Conseil des Canadiens, section Northumberland. \u00ab\u00a0Le Canada doit s&rsquo;opposer \u00e0 l&rsquo;intimidation et aux insultes provenant de la Maison Blanche de Trump et garantir une finalit\u00e9 de d\u00e9veloppement durable qui s&rsquo;attaque aux in\u00e9galit\u00e9s croissantes auxquelles sont confront\u00e9es la plupart des personnes en Am\u00e9rique du Nord.\u00a0\u00bb<\/p>\n<p>-30-<\/p>\n<p><strong>Contact :<\/strong><br \/>\nSujata Dey, Conseil des Canadiens | (613) 796-7724 (Canada)<br \/>\nRick Arnold, Conseil des Canadiens Northumberland Chapter | (905) 352-2430 (Canada)<br \/>\nTerry Boehm, <span class=\"nfu-name-inline\"><\/span> | (306) 255-7638 (Canada)<br \/>\nAlejandro Villamar Calderon MMSTLCs | 52 1 (55) 1512-6388 (Mexique)<br \/>\nManuel Perez, Rocha Institute for Policy Studies | (240) 838-6623 (USA)<br \/>\nKaren Hansen-Kuhn, Institute for Agriculture and Trade Policy | (202) 543-8602 (USA)<\/p>\n","protected":false},"excerpt":{"rendered":"<p>Le climat politique et \u00e9conomique dans lequel le Canada, le Mexique et les \u00c9tats-Unis ont entam\u00e9 les ren\u00e9gociations de l&rsquo;ALENA en 2017 s&rsquo;est drastiquement d\u00e9t\u00e9rior\u00e9 en 2018, le Canada ayant r\u00e9cemment \u00e9t\u00e9 e\ufb00ectivement mis \u00e0 l&rsquo;\u00e9cart.  <\/p>\n","protected":false},"author":2,"featured_media":0,"comment_status":"closed","ping_status":"closed","sticky":false,"template":"","format":"standard","meta":{"_acf_changed":false,"_tec_requires_first_save":true,"_EventAllDay":false,"_EventTimezone":"","_EventStartDate":"","_EventEndDate":"","_EventStartDateUTC":"","_EventEndDateUTC":"","_EventShowMap":false,"_EventShowMapLink":false,"_EventURL":"","_EventCost":"","_EventCostDescription":"","_EventCurrencySymbol":"","_EventCurrencyCode":"","_EventCurrencyPosition":"","_EventDateTimeSeparator":"","_EventTimeRangeSeparator":"","_EventOrganizerID":[],"_EventVenueID":[],"_OrganizerEmail":"","_OrganizerPhone":"","_OrganizerWebsite":"","_VenueAddress":"","_VenueCity":"","_VenueCountry":"","_VenueProvince":"","_VenueState":"","_VenueZip":"","_VenuePhone":"","_VenueURL":"","_VenueStateProvince":"","_VenueLat":"","_VenueLng":"","_VenueShowMap":false,"_VenueShowMapLink":false,"_tribe_blocks_recurrence_rules":"","_tribe_blocks_recurrence_description":"","_tribe_blocks_recurrence_exclusions":"","_ecp_custom_4":"","_ecp_custom_7":"","_ecp_custom_9":"","_ecp_custom_10":"","_ecp_custom_12":"","_ecp_custom_13":"","footnotes":""},"categories":[295],"tags":[363,389,393,359],"post_region":[],"post_campaign":[349,338,351,353],"class_list":["post-26828","post","type-post","status-publish","format-standard","hentry","category-communique-de-presse","tag-cereales","tag-commerce","tag-parlementaire","tag-produits-laitiers","post_campaign-commerce","post_campaign-commercialisation-et-transport-des-cereales","post_campaign-nafta-fr","post_campaign-usmca-fr"],"acf":[],"_links":{"self":[{"href":"https:\/\/www.nfu.ca\/fr\/wp-json\/wp\/v2\/posts\/26828","targetHints":{"allow":["GET"]}}],"collection":[{"href":"https:\/\/www.nfu.ca\/fr\/wp-json\/wp\/v2\/posts"}],"about":[{"href":"https:\/\/www.nfu.ca\/fr\/wp-json\/wp\/v2\/types\/post"}],"author":[{"embeddable":true,"href":"https:\/\/www.nfu.ca\/fr\/wp-json\/wp\/v2\/users\/2"}],"replies":[{"embeddable":true,"href":"https:\/\/www.nfu.ca\/fr\/wp-json\/wp\/v2\/comments?post=26828"}],"version-history":[{"count":1,"href":"https:\/\/www.nfu.ca\/fr\/wp-json\/wp\/v2\/posts\/26828\/revisions"}],"predecessor-version":[{"id":43661,"href":"https:\/\/www.nfu.ca\/fr\/wp-json\/wp\/v2\/posts\/26828\/revisions\/43661"}],"wp:attachment":[{"href":"https:\/\/www.nfu.ca\/fr\/wp-json\/wp\/v2\/media?parent=26828"}],"wp:term":[{"taxonomy":"category","embeddable":true,"href":"https:\/\/www.nfu.ca\/fr\/wp-json\/wp\/v2\/categories?post=26828"},{"taxonomy":"post_tag","embeddable":true,"href":"https:\/\/www.nfu.ca\/fr\/wp-json\/wp\/v2\/tags?post=26828"},{"taxonomy":"post_region","embeddable":true,"href":"https:\/\/www.nfu.ca\/fr\/wp-json\/wp\/v2\/post_region?post=26828"},{"taxonomy":"post_campaign","embeddable":true,"href":"https:\/\/www.nfu.ca\/fr\/wp-json\/wp\/v2\/post_campaign?post=26828"}],"curies":[{"name":"wp","href":"https:\/\/api.w.org\/{rel}","templated":true}]}}