
{"id":26803,"date":"2017-11-25T05:20:22","date_gmt":"2017-11-25T11:20:22","guid":{"rendered":"https:\/\/www.nfu.ca\/coral-sproule-elu-president-de-la-48e-convention-annuelle-de-lunf\/"},"modified":"2017-11-25T05:20:22","modified_gmt":"2017-11-25T11:20:22","slug":"coral-sproule-elu-president-de-la-48e-convention-annuelle-de-lunf","status":"publish","type":"post","link":"https:\/\/www.nfu.ca\/fr\/coral-sproule-elu-president-de-la-48e-convention-annuelle-de-lunf\/","title":{"rendered":"Coral Sproule est \u00e9lue pr\u00e9sidente lors de la 48e convention annuelle de l&rsquo;UNF"},"content":{"rendered":"<div><strong>Ottawa-Coral<\/strong><a href=\"\/author\/coralsproule\">Sproule<\/a> a \u00e9t\u00e9 \u00e9lu pr\u00e9sident du <span class=\"nfu-name-inline\"><\/span> lors du 48e congr\u00e8s national annuel qui s&rsquo;est tenu \u00e0 Ottawa du 23 au 25 novembre 2017. Les r\u00e9sultats des \u00e9lections des membres du bureau national sont les suivants :<\/div>\n<div><\/div>\n<ul>\n<li>\n<div><a href=\"\/author\/coralsproule\">Coral Sproule<\/a> de Perth, ON, \u00e9lue pr\u00e9sidente<\/div>\n<\/li>\n<li>\n<div><a href=\"\/author\/katieward\">Katie Ward<\/a>, de Woodlawn (Ontario), \u00e9lue par acclamation pr\u00e9sidente des femmes<\/div>\n<\/li>\n<li>\n<div>Stuart Oke, de Saint-Andr\u00e9-Avellin, QC, \u00e9lu pr\u00e9sident des jeunes<\/div>\n<\/li>\n<li>\n<div><a href=\"\/author\/janslomp\">Jan Slomp<\/a> de Courtenay, BC, \u00e9lu premier vice-pr\u00e9sident (politique)<\/div>\n<\/li>\n<li>\n<div><a href=\"\/author\/camgoff\">Cam Goff<\/a> de Hanley, SK, \u00e9lu deuxi\u00e8me vice-pr\u00e9sident (Op\u00e9rations)<\/div>\n<\/li>\n<li>\n<div><a href=\"\/author\/shannonjones\">Shannon Jones<\/a>, de River Hebert (Nouvelle-\u00c9cosse), \u00e9lue vice-pr\u00e9sidente des femmes<\/div>\n<\/li>\n<li>\n<div>Marta Reczek de Chilliwack, BC, \u00e9lue par acclamation vice-pr\u00e9sidente pour la jeunesse<\/div>\n<\/li>\n<\/ul>\n<div><span class=\"nfu-name-inline\">The <\/span>  est une organisation b\u00e9n\u00e9vole \u00e0 adh\u00e9sion directe compos\u00e9e de familles d&rsquo;agriculteurs canadiens qui partagent des objectifs communs. C&rsquo;est la seule organisation agricole constitu\u00e9e en vertu d&rsquo;une loi du Parlement.<\/div>\n<div><\/div>\n<div><span class=\"nfu-acronym-en\"><\/span>  sont convaincus que les probl\u00e8mes auxquels sont confront\u00e9s les fermiers sont des probl\u00e8mes communs et que les agriculteurs produisant des produits divers doivent travailler ensemble pour proposer des solutions efficaces. Le site <span class=\"nfu-acronym-en\"><\/span> travaille \u00e0 l&rsquo;\u00e9laboration de politiques \u00e9conomiques et sociales qui maintiendront l&rsquo;exploitation agricole familiale en tant que principale unit\u00e9 de production alimentaire au Canada.<\/div>\n<div><\/div>\n","protected":false},"excerpt":{"rendered":"<p>Coral Sproule a \u00e9t\u00e9 \u00e9lue pr\u00e9sidente de la Nationale des Fermiers lors du 48e Congr\u00e8s national annuel qui s&rsquo;est tenu \u00e0 Ottawa du 23 au 25 novembre 2017. Lisez la suite pour conna\u00eetre les r\u00e9sultats des \u00e9lections des responsables nationaux.<\/p>\n","protected":false},"author":2,"featured_media":0,"comment_status":"closed","ping_status":"closed","sticky":false,"template":"","format":"standard","meta":{"_acf_changed":false,"_tec_requires_first_save":true,"_EventAllDay":false,"_EventTimezone":"","_EventStartDate":"","_EventEndDate":"","_EventStartDateUTC":"","_EventEndDateUTC":"","_EventShowMap":false,"_EventShowMapLink":false,"_EventURL":"","_EventCost":"","_EventCostDescription":"","_EventCurrencySymbol":"","_EventCurrencyCode":"","_EventCurrencyPosition":"","_EventDateTimeSeparator":"","_EventTimeRangeSeparator":"","_EventOrganizerID":[],"_EventVenueID":[],"_OrganizerEmail":"","_OrganizerPhone":"","_OrganizerWebsite":"","_VenueAddress":"","_VenueCity":"","_VenueCountry":"","_VenueProvince":"","_VenueState":"","_VenueZip":"","_VenuePhone":"","_VenueURL":"","_VenueStateProvince":"","_VenueLat":"","_VenueLng":"","_VenueShowMap":false,"_VenueShowMapLink":false,"_tribe_blocks_recurrence_rules":"","_tribe_blocks_recurrence_description":"","_tribe_blocks_recurrence_exclusions":"","_ecp_custom_4":"","_ecp_custom_7":"","_ecp_custom_9":"","_ecp_custom_10":"","_ecp_custom_12":"","_ecp_custom_13":"","footnotes":""},"categories":[306],"tags":[398],"post_region":[],"post_campaign":[],"class_list":["post-26803","post","type-post","status-publish","format-standard","hentry","category-nouvelles","tag-convention-fr"],"acf":[],"_links":{"self":[{"href":"https:\/\/www.nfu.ca\/fr\/wp-json\/wp\/v2\/posts\/26803","targetHints":{"allow":["GET"]}}],"collection":[{"href":"https:\/\/www.nfu.ca\/fr\/wp-json\/wp\/v2\/posts"}],"about":[{"href":"https:\/\/www.nfu.ca\/fr\/wp-json\/wp\/v2\/types\/post"}],"author":[{"embeddable":true,"href":"https:\/\/www.nfu.ca\/fr\/wp-json\/wp\/v2\/users\/2"}],"replies":[{"embeddable":true,"href":"https:\/\/www.nfu.ca\/fr\/wp-json\/wp\/v2\/comments?post=26803"}],"version-history":[{"count":0,"href":"https:\/\/www.nfu.ca\/fr\/wp-json\/wp\/v2\/posts\/26803\/revisions"}],"wp:attachment":[{"href":"https:\/\/www.nfu.ca\/fr\/wp-json\/wp\/v2\/media?parent=26803"}],"wp:term":[{"taxonomy":"category","embeddable":true,"href":"https:\/\/www.nfu.ca\/fr\/wp-json\/wp\/v2\/categories?post=26803"},{"taxonomy":"post_tag","embeddable":true,"href":"https:\/\/www.nfu.ca\/fr\/wp-json\/wp\/v2\/tags?post=26803"},{"taxonomy":"post_region","embeddable":true,"href":"https:\/\/www.nfu.ca\/fr\/wp-json\/wp\/v2\/post_region?post=26803"},{"taxonomy":"post_campaign","embeddable":true,"href":"https:\/\/www.nfu.ca\/fr\/wp-json\/wp\/v2\/post_campaign?post=26803"}],"curies":[{"name":"wp","href":"https:\/\/api.w.org\/{rel}","templated":true}]}}