
{"id":26780,"date":"2017-04-03T03:10:46","date_gmt":"2017-04-03T09:10:46","guid":{"rendered":"https:\/\/www.nfu.ca\/enquete-sur-les-problemes-de-tarification-et-de-livraison-dans-les-ascenseurs\/"},"modified":"2017-04-03T03:10:46","modified_gmt":"2017-04-03T09:10:46","slug":"enquete-sur-les-problemes-de-tarification-et-de-livraison-dans-les-ascenseurs","status":"publish","type":"post","link":"https:\/\/www.nfu.ca\/fr\/enquete-sur-les-problemes-de-tarification-et-de-livraison-dans-les-ascenseurs\/","title":{"rendered":"Enqu\u00eate sur les probl\u00e8mes de classement, de prix et de livraison dans les silos"},"content":{"rendered":"<p><strong>Que se passe-t-il dans le commerce des c\u00e9r\u00e9ales ces jours-ci ?<\/strong> <span class=\"nfu-name-inline\">The <\/span>Le Comit\u00e9 des trains et des c\u00e9r\u00e9ales de la Commission europ\u00e9enne aimerait vous entendre pour en savoir plus sur les exp\u00e9riences des fermi\u00e8res avec les soci\u00e9t\u00e9s c\u00e9r\u00e9ali\u00e8res, en particulier dans le contexte des changements apport\u00e9s \u00e0 la Commission canadienne des grains (CCG) et du d\u00e9mant\u00e8lement de la Commission canadienne du bl\u00e9 au cours des derni\u00e8res ann\u00e9es. Nous savons que les incidents ne sont souvent pas signal\u00e9s. <strong>Le site <span class=\"nfu-acronym-en\"><\/span> souhaite conna\u00eetre votre avis afin de promouvoir des solutions aux probl\u00e8mes rencontr\u00e9s par les fermi\u00e8res.<\/strong> En partageant votre exp\u00e9rience, vous nous aiderez \u00e0 d\u00e9fendre les int\u00e9r\u00eats des fermi\u00e8res.<\/p>\n<p>Cette enqu\u00eate est un moyen pratique pour nous de recueillir et d&rsquo;organiser les r\u00e9cits des fermi\u00e8res. Vous pouvez le remplir de mani\u00e8re anonyme ou, si vous souhaitez indiquer votre nom et vos coordonn\u00e9es, un espace est pr\u00e9vu \u00e0 cet effet \u00e0 la fin du formulaire. Vous pouvez r\u00e9pondre \u00e0 autant de questions que vous le souhaitez &#8211; elles sont toutes facultatives. Toutes les r\u00e9ponses resteront confidentielles. Toute information d&rsquo;identification sera supprim\u00e9e et les r\u00e9sultats seront agr\u00e9g\u00e9s \u00e0 des fins de reporting.<\/p>\n<p>Merci d&rsquo;avance de vous impliquer dans la protection des exploitations agricoles familiales par le biais de cet important travail de plaidoyer.<\/p>\n<p>Ian Robson, Deleau, MB<em><br \/>\nPr\u00e9sident du comit\u00e9 des trains et des c\u00e9r\u00e9ales <span class=\"nfu-acronym-en\"><\/span> <\/em><\/p>\n<p><strong>Cliquez ici pour commencer :<\/strong><br \/>\n<a href=\"https:\/\/www.surveymonkey.com\/r\/&lt;span class=&quot;nfu-acronym-en&quot;&gt;&lt;\/span&gt;-Grain-2017\" target=\"_blank\" rel=\"noopener\">https:\/\/www.surveymonkey.com\/r\/<span class=\"nfu-acronym-en\"><\/span>-Grain-2017<\/a><\/p>\n","protected":false},"excerpt":{"rendered":"<p>Que se passe-t-il dans le commerce des c\u00e9r\u00e9ales ces jours-ci ? L&rsquo;UNF souhaite conna\u00eetre votre avis afin de promouvoir des solutions aux probl\u00e8mes rencontr\u00e9s par les fermi\u00e8res.<\/p>\n","protected":false},"author":26,"featured_media":0,"comment_status":"closed","ping_status":"closed","sticky":false,"template":"","format":"standard","meta":{"_acf_changed":false,"_tec_requires_first_save":true,"_EventAllDay":false,"_EventTimezone":"","_EventStartDate":"","_EventEndDate":"","_EventStartDateUTC":"","_EventEndDateUTC":"","_EventShowMap":false,"_EventShowMapLink":false,"_EventURL":"","_EventCost":"","_EventCostDescription":"","_EventCurrencySymbol":"","_EventCurrencyCode":"","_EventCurrencyPosition":"","_EventDateTimeSeparator":"","_EventTimeRangeSeparator":"","_EventOrganizerID":[],"_EventVenueID":[],"_OrganizerEmail":"","_OrganizerPhone":"","_OrganizerWebsite":"","_VenueAddress":"","_VenueCity":"","_VenueCountry":"","_VenueProvince":"","_VenueState":"","_VenueZip":"","_VenuePhone":"","_VenueURL":"","_VenueStateProvince":"","_VenueLat":"","_VenueLng":"","_VenueShowMap":false,"_VenueShowMapLink":false,"_tribe_blocks_recurrence_rules":"","_tribe_blocks_recurrence_description":"","_tribe_blocks_recurrence_exclusions":"","_ecp_custom_4":"","_ecp_custom_7":"","_ecp_custom_9":"","_ecp_custom_10":"","_ecp_custom_12":"","_ecp_custom_13":"","footnotes":""},"categories":[295],"tags":[363],"post_region":[],"post_campaign":[338],"class_list":["post-26780","post","type-post","status-publish","format-standard","hentry","category-communique-de-presse","tag-cereales","post_campaign-commercialisation-et-transport-des-cereales"],"acf":[],"_links":{"self":[{"href":"https:\/\/www.nfu.ca\/fr\/wp-json\/wp\/v2\/posts\/26780","targetHints":{"allow":["GET"]}}],"collection":[{"href":"https:\/\/www.nfu.ca\/fr\/wp-json\/wp\/v2\/posts"}],"about":[{"href":"https:\/\/www.nfu.ca\/fr\/wp-json\/wp\/v2\/types\/post"}],"author":[{"embeddable":true,"href":"https:\/\/www.nfu.ca\/fr\/wp-json\/wp\/v2\/users\/26"}],"replies":[{"embeddable":true,"href":"https:\/\/www.nfu.ca\/fr\/wp-json\/wp\/v2\/comments?post=26780"}],"version-history":[{"count":0,"href":"https:\/\/www.nfu.ca\/fr\/wp-json\/wp\/v2\/posts\/26780\/revisions"}],"wp:attachment":[{"href":"https:\/\/www.nfu.ca\/fr\/wp-json\/wp\/v2\/media?parent=26780"}],"wp:term":[{"taxonomy":"category","embeddable":true,"href":"https:\/\/www.nfu.ca\/fr\/wp-json\/wp\/v2\/categories?post=26780"},{"taxonomy":"post_tag","embeddable":true,"href":"https:\/\/www.nfu.ca\/fr\/wp-json\/wp\/v2\/tags?post=26780"},{"taxonomy":"post_region","embeddable":true,"href":"https:\/\/www.nfu.ca\/fr\/wp-json\/wp\/v2\/post_region?post=26780"},{"taxonomy":"post_campaign","embeddable":true,"href":"https:\/\/www.nfu.ca\/fr\/wp-json\/wp\/v2\/post_campaign?post=26780"}],"curies":[{"name":"wp","href":"https:\/\/api.w.org\/{rel}","templated":true}]}}