
{"id":26739,"date":"2020-08-06T15:08:45","date_gmt":"2020-08-06T21:08:45","guid":{"rendered":"https:\/\/www.nfu.ca\/venez-apprendre-et-vous-connecter-congres-de-la-region-6-saskatchewan\/"},"modified":"2020-08-06T15:08:45","modified_gmt":"2020-08-06T21:08:45","slug":"venez-apprendre-et-vous-connecter-congres-de-la-region-6-saskatchewan","status":"publish","type":"post","link":"https:\/\/www.nfu.ca\/fr\/venez-apprendre-et-vous-connecter-congres-de-la-region-6-saskatchewan\/","title":{"rendered":"Venez apprendre et vous connecter : Congr\u00e8s de la r\u00e9gion 6 (Saskatchewan)"},"content":{"rendered":"<p class=\"lead\">Rejoignez l&rsquo;UNF <span class=\"il\">R\u00e9gion<\/span> <span class=\"il\">6<\/span> (SK) Convention lundi 10 ao\u00fbt et mardi 11 ao\u00fbt !<\/p>\n<p class=\"lead\">Cette ann\u00e9e, c&rsquo;est Zoom qui est \u00e0 l&rsquo;honneur. Vous pouvez vous connecter avec votre ordinateur, votre smartphone, votre tablette ou simplement appeler avec votre t\u00e9l\u00e9phone.<\/p>\n<p>Participez, apprenez et renouez avec les autres. L&rsquo;orateur principal, Darrin Qualman, sera \u00e9galement diffus\u00e9 en direct sur YouTube \u00e0 partir de <a href=\"https:\/\/nfu.us10.list-manage.com\/track\/click?u=0915ae271f92e1eaaddfdd157&amp;id=f9fcf56ea5&amp;e=d864f73af7\" target=\"_blank\" rel=\"noopener\" data-saferedirecturl=\"https:\/\/www.google.com\/url?q=https:\/\/nfu.us10.list-manage.com\/track\/click?u%3D0915ae271f92e1eaaddfdd157%26id%3Df9fcf56ea5%26e%3Dd864f73af7&amp;source=gmail&amp;ust=1596812973417000&amp;usg=AFQjCNE4egb-oHlp5MzyhpQPg0TbjTKPtQ\">notre cha\u00eene<\/a> le 10 ao\u00fbt et pourra \u00eatre visionn\u00e9 par la suite.<\/p>\n<p><strong>Cette ann\u00e9e, la Convention se divise en trois parties :<\/strong><\/p>\n<p style=\"padding-left: 40px;\"><small><strong>1. \u00c9chauffement du zoom<\/strong><\/small><br \/>\n<small><strong>Lundi 10 ao\u00fbt, 11h00 &#8211; 12h00<\/strong><\/small><br \/>\n<small><em>Rejoignez-nous pour tester votre connexion, apprendre \u00e0 participer pleinement \u00e0 la Convention et renouer avec d&rsquo;autres personnes.<\/em><\/small><\/p>\n<p style=\"padding-left: 40px;\"><small><strong><span class=\"il\">2.<\/span> Convention de la <span class=\"il\">R\u00e9gion<\/span> <span class=\"il\">6<\/span> Partie 1<\/strong><\/small><br \/>\n<small><strong>Lundi 10 ao\u00fbt, de 14h \u00e0 17h<\/strong><\/small><br \/>\n<small><em>La convention de la <span class=\"il\">SK<\/span>, avec des mises \u00e0 jour de la <span class=\"il\">SK<\/span> et de tout le pays et l&rsquo;<strong>orateur principal Darrin Qualman,<\/strong> directeur de la politique et de l&rsquo;action de la crise climatique de l&rsquo;UNF, qui parlera du <strong>\u00ab\u00a0changement climatique dans l&rsquo;agriculture &#8211; des politiques<\/strong><strong>qui pourraient faire la diff\u00e9rence\u00a0\u00bb<\/strong>.<\/em><\/small><\/p>\n<p style=\"padding-left: 40px;\"><small><strong>3. Convention Partie 2 : Reprise des travaux : Discussions\/\u00e9lections\/<wbr><\/wbr>R\u00e9solutions<\/strong><\/small><br \/>\n<small><strong>Mardi 11 ao\u00fbt, de 14h \u00e0 17h<\/strong><\/small><small><strong> <\/strong><\/small><\/p>\n<p><strong>Vous devez vous inscrire pour participer \u00e0 la r\u00e9union Zoom<\/strong>. Vous pouvez vous inscrire en utilisant l&rsquo;une ou l&rsquo;autre de ces m\u00e9thodes si nous recevons votre inscription avant le <strong>7 ao\u00fbt<\/strong>:<\/p>\n<div style=\"padding-left: 40px;\"><small>Envoi du <a href=\"https:\/\/nfu.us10.list-manage.com\/track\/click?u=0915ae271f92e1eaaddfdd157&amp;id=af84808860&amp;e=d864f73af7\" target=\"_blank\" rel=\"noopener\" data-saferedirecturl=\"https:\/\/www.google.com\/url?q=https:\/\/nfu.us10.list-manage.com\/track\/click?u%3D0915ae271f92e1eaaddfdd157%26id%3Daf84808860%26e%3Dd864f73af7&amp;source=gmail&amp;ust=1596812973417000&amp;usg=AFQjCNG1Z_zd3XekwOvF6oh3ylRarwpuXw\">formulaire d&rsquo;inscription<\/a> par la poste<\/small><br \/>\n<small>En appelant le bureau de l&rsquo;UNF au (306) 652-9465. Nous aurons besoin du nom, de l&rsquo;adresse \u00e9lectronique et du num\u00e9ro de t\u00e9l\u00e9phone de chaque participant.<\/small><br \/>\n<small>Envoyez un courriel au bureau de l&rsquo;UNF \u00e0 l&rsquo;adresse <a href=\"mailto:nfu@nfu.ca\" target=\"_blank\" rel=\"noopener noreferrer\">nfu@nfu.ca<\/a> en indiquant le nom, l&rsquo;adresse \u00e9lectronique et le num\u00e9ro de t\u00e9l\u00e9phone de chaque participant. Veuillez vous assurer que votre courriel indique le nombre de membres votants par appareil.<\/small><\/div>\n<p><small>Veuillez lire les <a href=\"https:\/\/nfu.us10.list-manage.com\/track\/click?u=0915ae271f92e1eaaddfdd157&amp;id=a6e4491f79&amp;e=d864f73af7\" target=\"_blank\" rel=\"noopener\" data-saferedirecturl=\"https:\/\/www.google.com\/url?q=https:\/\/nfu.us10.list-manage.com\/track\/click?u%3D0915ae271f92e1eaaddfdd157%26id%3Da6e4491f79%26e%3Dd864f73af7&amp;source=gmail&amp;ust=1596812973417000&amp;usg=AFQjCNHfvhYkyMRLp61hFfvubfeq1l9S8g\">instructions d\u00e9taill\u00e9es de la r\u00e9union Zoom<\/a> pour savoir comment participer.<\/small><\/p>\n<p><u><strong>ORDRE DU JOUR DE LA CONVENTION &#8211; Lundi 10 ao\u00fbt :<\/strong><\/u><\/p>\n<p style=\"padding-left: 40px;\"><small><strong>10 h &#8211; 11 <\/strong> h Heure sociale et \u00e9chauffement Zoom<\/small><\/p>\n<p style=\"padding-left: 40px;\"><small><strong>14:00<\/strong> Appel \u00e0 l&rsquo;ordre, pr\u00e9sentations<\/small><br \/>\n<small><strong>14:10<\/strong> Accueil par la pr\u00e9sidente nationale de l&rsquo;UNF, Katie Ward<\/small><br \/>\n<small><strong>14:20<\/strong> Proc\u00e8s-verbal de la r\u00e9union pr\u00e9c\u00e9dente<\/small><br \/>\n<small><strong>14:30 Le<\/strong> changement climatique dans l&rsquo;agriculture : Les politiques qui pourraient faire la diff\u00e9rence<\/small><\/p>\n<ul>\n<li style=\"list-style-type: none;\">\n<ul>\n<li><small>Orateur : <strong>Darrin Qualman<\/strong>, directeur de la politique et de l&rsquo;action de l&rsquo;UNF en mati\u00e8re de crise climatique<\/small><\/li>\n<li><small>Les membres sont encourag\u00e9s \u00e0 lire les fiches d&rsquo;information de l&rsquo;UNF sur le changement climatique et les \u00e9missions<a href=\"http:\/\/www.nfu.ca\/publications\/tackling\" target=\"_blank\" rel=\"noopener noreferrer\" data-saferedirecturl=\"https:\/\/www.google.com\/url?q=http:\/\/www.nfu.ca\/publications\/tackling&amp;source=gmail&amp;ust=1596812973417000&amp;usg=AFQjCNHrFiJJ9KPhk8vcYPVlR06fK-GpDg\">(www.nfu.ca\/publications\/<wbr><\/wbr>tackling-the-farm-crisis-and-<\/a><wbr><\/wbr>the-climate-crisis\/) ou le rapport complet : S&rsquo;attaquer \u00e0 la crise agricole et \u00e0 la crise climatique.<\/small><\/li>\n<li><small>C&rsquo;est l&rsquo;occasion de discuter : Quelle politique et quelles mesures doivent \u00eatre prises par le gouvernement et par les fermi\u00e8res pour r\u00e9duire les GES ? Quelles sont les priorit\u00e9s ?<\/small><\/li>\n<\/ul>\n<\/li>\n<\/ul>\n<p style=\"padding-left: 40px;\"><small><strong>15:45<\/strong> <strong>Dr. Christy Morrissey<\/strong>: Mise \u00e0 jour du rapport 2019 remis \u00e0 Bruno<\/small><br \/>\n<small><strong>17:00<\/strong> Lev\u00e9e de la s\u00e9ance<\/small><\/p>\n<p><u><strong>Reprise des travaux &#8211; mardi 11 ao\u00fbt<\/strong><\/u><\/p>\n<p style=\"padding-left: 40px;\"><small><strong>14:00 L<\/strong> &lsquo;<strong>eau, l&rsquo;eau partout<\/strong>: Environ 4 milliards de dollars<\/small><\/p>\n<ul>\n<li style=\"list-style-type: none;\">\n<ul>\n<li><small>Un sujet de discussion ouvert<\/small><\/li>\n<\/ul>\n<\/li>\n<\/ul>\n<p style=\"padding-left: 40px;\"><small><strong>14:20<\/strong> Rapports &#8211; membres du conseil d&rsquo;administration, conseill\u00e8re pour les femmes, conseill\u00e8re pour les jeunes, repr\u00e9sentant du CIP<\/small><br \/>\n<small><strong>15:00<\/strong> \u00c9lections &#8211; membres du conseil d&rsquo;administration, conseill\u00e8re des femmes, conseill\u00e8re des jeunes, repr\u00e9sentant du CIP<\/small><br \/>\n<small><strong>15:15<\/strong> R\u00e9solutions<\/small><br \/>\n<small><strong>17:00<\/strong> Lev\u00e9e de la s\u00e9ance<\/small><br \/>\n<small><strong>19:00<\/strong> Reprise de la s\u00e9ance si n\u00e9cessaire pour les r\u00e9solutions<\/small><\/p>\n<p><strong>Si vous avez des difficult\u00e9s \u00e0 vous connecter \u00e0 cette Convention, veuillez contacter Mara Shaw \u00e0 l&rsquo;<a href=\"mailto:lapp@nfu.ca\" target=\"_blank\" rel=\"noopener noreferrer\">adresse shaw@nfu.ca ou au <\/a>613-217-9404<\/strong>. Elle r\u00e9pondra \u00e0 vos questions et vous aidera \u00e0 participer. Ne laissez pas le COVID-19 vous emp\u00eacher de vous connecter !<\/p>\n<p>Rendez-vous en ligne,<br \/>\n<img loading=\"lazy\" decoding=\"async\" class=\"CToWUd\" src=\"https:\/\/ci3.googleusercontent.com\/proxy\/SBn3SKECg6-rkLkCT_yGalYq8SajhB_tj0cLh5lQdqNUzDXhH5uL1Yj25hq_LVoudKE7ZnFMAfxgXPYJhHJeHfPUsO3d_ye1QuFBJmVQW6uKiKAHW1f7EpLtG0sLfPwePY_3s2WLJuB1-nbqABhgBdsolmjWmw=s0-d-e1-ft#https:\/\/mcusercontent.com\/0915ae271f92e1eaaddfdd157\/images\/ed724f3b-96e7-4403-9a23-fdebada07653.png\" width=\"200\" height=\"38\"><br \/>\nGlenn Tait<br \/>\nCoordinateur de la <span class=\"il\">r\u00e9gion<\/span> <span class=\"il\">6<\/span> <\/p>\n","protected":false},"excerpt":{"rendered":"<p>Rejoignez l&rsquo;UNF R\u00e9gion 6 (SK) Convention lundi 10 ao\u00fbt et mardi 11 ao\u00fbt ! Cette ann\u00e9e, c&rsquo;est Zoom qui est \u00e0 l&rsquo;honneur. Vous pouvez vous connecter avec votre ordinateur, votre<\/p>\n","protected":false},"author":146,"featured_media":0,"comment_status":"closed","ping_status":"closed","sticky":false,"template":"","format":"standard","meta":{"_acf_changed":false,"_tec_requires_first_save":true,"_EventAllDay":false,"_EventTimezone":"","_EventStartDate":"","_EventEndDate":"","_EventStartDateUTC":"","_EventEndDateUTC":"","_EventShowMap":false,"_EventShowMapLink":false,"_EventURL":"","_EventCost":"","_EventCostDescription":"","_EventCurrencySymbol":"","_EventCurrencyCode":"","_EventCurrencyPosition":"","_EventDateTimeSeparator":"","_EventTimeRangeSeparator":"","_EventOrganizerID":[],"_EventVenueID":[],"_OrganizerEmail":"","_OrganizerPhone":"","_OrganizerWebsite":"","_VenueAddress":"","_VenueCity":"","_VenueCountry":"","_VenueProvince":"","_VenueState":"","_VenueZip":"","_VenuePhone":"","_VenueURL":"","_VenueStateProvince":"","_VenueLat":"","_VenueLng":"","_VenueShowMap":false,"_VenueShowMapLink":false,"_tribe_blocks_recurrence_rules":"","_tribe_blocks_recurrence_description":"","_tribe_blocks_recurrence_exclusions":"","_ecp_custom_4":"","_ecp_custom_7":"","_ecp_custom_9":"","_ecp_custom_10":"","_ecp_custom_12":"","_ecp_custom_13":"","footnotes":""},"categories":[295],"tags":[],"post_region":[324],"post_campaign":[],"class_list":["post-26739","post","type-post","status-publish","format-standard","hentry","category-communique-de-presse","post_region-region-6"],"acf":[],"_links":{"self":[{"href":"https:\/\/www.nfu.ca\/fr\/wp-json\/wp\/v2\/posts\/26739","targetHints":{"allow":["GET"]}}],"collection":[{"href":"https:\/\/www.nfu.ca\/fr\/wp-json\/wp\/v2\/posts"}],"about":[{"href":"https:\/\/www.nfu.ca\/fr\/wp-json\/wp\/v2\/types\/post"}],"author":[{"embeddable":true,"href":"https:\/\/www.nfu.ca\/fr\/wp-json\/wp\/v2\/users\/146"}],"replies":[{"embeddable":true,"href":"https:\/\/www.nfu.ca\/fr\/wp-json\/wp\/v2\/comments?post=26739"}],"version-history":[{"count":0,"href":"https:\/\/www.nfu.ca\/fr\/wp-json\/wp\/v2\/posts\/26739\/revisions"}],"wp:attachment":[{"href":"https:\/\/www.nfu.ca\/fr\/wp-json\/wp\/v2\/media?parent=26739"}],"wp:term":[{"taxonomy":"category","embeddable":true,"href":"https:\/\/www.nfu.ca\/fr\/wp-json\/wp\/v2\/categories?post=26739"},{"taxonomy":"post_tag","embeddable":true,"href":"https:\/\/www.nfu.ca\/fr\/wp-json\/wp\/v2\/tags?post=26739"},{"taxonomy":"post_region","embeddable":true,"href":"https:\/\/www.nfu.ca\/fr\/wp-json\/wp\/v2\/post_region?post=26739"},{"taxonomy":"post_campaign","embeddable":true,"href":"https:\/\/www.nfu.ca\/fr\/wp-json\/wp\/v2\/post_campaign?post=26739"}],"curies":[{"name":"wp","href":"https:\/\/api.w.org\/{rel}","templated":true}]}}