
{"id":26703,"date":"2020-01-13T10:24:07","date_gmt":"2020-01-13T16:24:07","guid":{"rendered":"https:\/\/www.nfu.ca\/la-legislature-du-manitoba-reconnait-le-50e-anniversaire-du-nfus\/"},"modified":"2020-01-13T10:24:07","modified_gmt":"2020-01-13T16:24:07","slug":"la-legislature-du-manitoba-reconnait-le-50e-anniversaire-du-nfus","status":"publish","type":"post","link":"https:\/\/www.nfu.ca\/fr\/la-legislature-du-manitoba-reconnait-le-50e-anniversaire-du-nfus\/","title":{"rendered":"L&rsquo;Assembl\u00e9e l\u00e9gislative du Manitoba souligne le 50e anniversaire de l&rsquo;UNF"},"content":{"rendered":"<p>Le 27 novembre 2019, au lendemain de notre congr\u00e8s du 50e anniversaire \u00e0 Winnipeg, le porte-parole du NPD en mati\u00e8re d&rsquo;agriculture, le d\u00e9put\u00e9 Daljeet Brar, a accord\u00e9 sa reconnaissance \u00e0 la comm\u00e9moration de la Nationale des Fermiers. Tous les membres de l&rsquo;Assembl\u00e9e l\u00e9gislative du Manitoba se sont lev\u00e9s et ont applaudi notre r\u00e9ussite, tandis que les membres de l&rsquo;UNF se sont tenus debout, le poing gauche lev\u00e9, en signe de solidarit\u00e9 avec nos efforts pass\u00e9s et futurs. Ce message est enregistr\u00e9 dans le <a rel=\"noopener\" target=\"_blank\" href=\"https:\/\/www.gov.mb.ca\/legislature\/hansard\/42nd_2nd\/vol_08\/h08.html#MinS\">Hansard<\/a> de la l\u00e9gislature du Manitoba.<\/p>\n<p>&nbsp;<\/p>\n<div id=\"attachment_8388\" style=\"width: 710px\" class=\"wp-caption aligncenter\"><a href=\"https:\/\/www.nfu.ca\/wp-content\/uploads\/2020\/01\/R5-at-MB-legislature-Nov-27-2019.jpg\"><img loading=\"lazy\" decoding=\"async\" aria-describedby=\"caption-attachment-8388\" class=\"wp-image-8388\" src=\"https:\/\/www.nfu.ca\/wp-content\/uploads\/2020\/01\/R5-at-MB-legislature-Nov-27-2019.jpg\" alt=\"\" width=\"700\" height=\"818\"><\/a><p id=\"caption-attachment-8388\" class=\"wp-caption-text\">Les membres de l&rsquo;UNF pr\u00e9sents \u00e0 la comm\u00e9moration de la l\u00e9gislature \u00e9taient (de gauche \u00e0 droite) : Lance Lorie, Terry Boehm (ancien pr\u00e9sident), Toby Malloy, Anastasia Fyk, Anterra Vsetula-Sheffield, Madeline Marmor, Dean Harder.<\/p><\/div>\n<p>&nbsp;<\/p>\n<p><a rel=\"noopener\" target=\"_blank\" href=\"https:\/\/www.gov.mb.ca\/legislature\/hansard\/42nd_2nd\/vol_08\/h08.html#MinS\">Transcription des d\u00e9bats de la l\u00e9gislature du Manitoba<\/a>:<\/p>\n<p><strong>L&rsquo;Union Nationale des Fermiers du Canada<\/strong><br \/>\n<strong>M. Diljeet Brar<\/strong> (Burrows) : Je prends la parole aujourd&rsquo;hui pour honorer le 50e anniversaire du mouvement agricole et de l&rsquo;Union Nationale des Fermiers du Canada. Cr\u00e9\u00e9e en 1969, la Nationale des Fermiers s&rsquo;est engag\u00e9e \u00e0 promouvoir l&rsquo;am\u00e9lioration de la situation des fermiers, des march\u00e9s, de l&rsquo;enseignement agricole et \u00e0 atteindre des objectifs sociaux dans le pays.<\/p>\n<p>La Nationale des Fermiers est organis\u00e9e en huit r\u00e9gions, le Manitoba \u00e9tant la cinqui\u00e8me. L&rsquo;organisation dispose d&rsquo;un certain nombre de comit\u00e9s consultatifs et de conseils d&rsquo;administration, allant des comit\u00e9s de femmes aux comit\u00e9s de jeunes en passant par les comit\u00e9s internationaux, chacun d&rsquo;entre eux \u00e9tant con\u00e7u pour garantir une participation et un soutien \u00e9gaux \u00e0 tous ceux qui se pr\u00e9occupent de l&rsquo;orientation actuelle et future de l&rsquo;agriculture au Canada.<\/p>\n<p>L&rsquo;Union est fi\u00e8re de sensibiliser le public et de s&rsquo;attaquer aux probl\u00e8mes sociaux de la malnutrition, de la pauvret\u00e9 et de la faim, tout en pr\u00e9servant une communaut\u00e9 rurale forte et dynamique et en prot\u00e9geant l&rsquo;int\u00e9r\u00eat national de l&rsquo;industrie agricole du Canada.<\/p>\n<p>Ils s&rsquo;engagent \u00e0 aider les l\u00e9gislateurs \u00e0 \u00e9laborer des politiques agricoles \u00e9quitables. Plus important encore, l&rsquo;Union Fermi\u00e8re encourage la coop\u00e9ration mutuelle et l&rsquo;action collective des fermi\u00e8res afin de renforcer leur pouvoir de n\u00e9gociation.<\/p>\n<p>L&rsquo;ann\u00e9e \u00e9coul\u00e9e s&rsquo;est av\u00e9r\u00e9e difficile pour les producteurs du Manitoba : 12 municipalit\u00e9s rurales ont d\u00e9clar\u00e9 l&rsquo;\u00e9tat d&rsquo;urgence agricole apr\u00e8s que la s\u00e9cheresse et les inondations provoqu\u00e9es par le changement climatique ont laiss\u00e9 les fermi\u00e8res face \u00e0 une grave p\u00e9nurie d&rsquo;aliments pour animaux.<\/p>\n<p>Malgr\u00e9 les obstacles, les producteurs manitobains font preuve de r\u00e9silience et de d\u00e9vouement. Cependant, ce gouvernement a choisi de modifier les r\u00e8gles de location des terres de la Couronne, ce qui co\u00fbtera plus cher aux fermi\u00e8res en ces temps difficiles. Les familles agricoles du Manitoba ont besoin d&rsquo;\u00eatre soutenues pour que le secteur de l&rsquo;agriculture et de l&rsquo;alimentation soit plus fort et plus prosp\u00e8re.<\/p>\n<p>Nous sommes rejoints dans la galerie par des membres de la Nationale des Fermiers.<\/p>\n<p>Merci aux fermi\u00e8res et fermiers du Manitoba et \u00e0 tous les membres de la Nationale des Fermiers qui continuent d&rsquo;avoir un impact positif sur le tissu social de notre province.<\/p>\n<p>&nbsp;<\/p>\n","protected":false},"excerpt":{"rendered":"<p>Le 27 novembre 2019, au lendemain de notre congr\u00e8s du 50e anniversaire \u00e0 Winnipeg, le porte-parole du NPD en mati\u00e8re d&rsquo;agriculture, le d\u00e9put\u00e9 Daljeet Brar, a accord\u00e9 sa reconnaissance \u00e0<\/p>\n","protected":false},"author":2,"featured_media":24410,"comment_status":"closed","ping_status":"closed","sticky":false,"template":"","format":"standard","meta":{"_acf_changed":false,"_tec_requires_first_save":true,"_EventAllDay":false,"_EventTimezone":"","_EventStartDate":"","_EventEndDate":"","_EventStartDateUTC":"","_EventEndDateUTC":"","_EventShowMap":false,"_EventShowMapLink":false,"_EventURL":"","_EventCost":"","_EventCostDescription":"","_EventCurrencySymbol":"","_EventCurrencyCode":"","_EventCurrencyPosition":"","_EventDateTimeSeparator":"","_EventTimeRangeSeparator":"","_EventOrganizerID":[],"_EventVenueID":[],"_OrganizerEmail":"","_OrganizerPhone":"","_OrganizerWebsite":"","_VenueAddress":"","_VenueCity":"","_VenueCountry":"","_VenueProvince":"","_VenueState":"","_VenueZip":"","_VenuePhone":"","_VenueURL":"","_VenueStateProvince":"","_VenueLat":"","_VenueLng":"","_VenueShowMap":false,"_VenueShowMapLink":false,"_tribe_blocks_recurrence_rules":"","_tribe_blocks_recurrence_description":"","_tribe_blocks_recurrence_exclusions":"","_ecp_custom_4":"","_ecp_custom_7":"","_ecp_custom_9":"","_ecp_custom_10":"","_ecp_custom_12":"","_ecp_custom_13":"","footnotes":""},"categories":[295],"tags":[398],"post_region":[323],"post_campaign":[],"class_list":["post-26703","post","type-post","status-publish","format-standard","has-post-thumbnail","hentry","category-communique-de-presse","tag-convention-fr","post_region-region-5"],"acf":[],"_links":{"self":[{"href":"https:\/\/www.nfu.ca\/fr\/wp-json\/wp\/v2\/posts\/26703","targetHints":{"allow":["GET"]}}],"collection":[{"href":"https:\/\/www.nfu.ca\/fr\/wp-json\/wp\/v2\/posts"}],"about":[{"href":"https:\/\/www.nfu.ca\/fr\/wp-json\/wp\/v2\/types\/post"}],"author":[{"embeddable":true,"href":"https:\/\/www.nfu.ca\/fr\/wp-json\/wp\/v2\/users\/2"}],"replies":[{"embeddable":true,"href":"https:\/\/www.nfu.ca\/fr\/wp-json\/wp\/v2\/comments?post=26703"}],"version-history":[{"count":0,"href":"https:\/\/www.nfu.ca\/fr\/wp-json\/wp\/v2\/posts\/26703\/revisions"}],"wp:featuredmedia":[{"embeddable":true,"href":"https:\/\/www.nfu.ca\/fr\/wp-json\/wp\/v2\/media\/24410"}],"wp:attachment":[{"href":"https:\/\/www.nfu.ca\/fr\/wp-json\/wp\/v2\/media?parent=26703"}],"wp:term":[{"taxonomy":"category","embeddable":true,"href":"https:\/\/www.nfu.ca\/fr\/wp-json\/wp\/v2\/categories?post=26703"},{"taxonomy":"post_tag","embeddable":true,"href":"https:\/\/www.nfu.ca\/fr\/wp-json\/wp\/v2\/tags?post=26703"},{"taxonomy":"post_region","embeddable":true,"href":"https:\/\/www.nfu.ca\/fr\/wp-json\/wp\/v2\/post_region?post=26703"},{"taxonomy":"post_campaign","embeddable":true,"href":"https:\/\/www.nfu.ca\/fr\/wp-json\/wp\/v2\/post_campaign?post=26703"}],"curies":[{"name":"wp","href":"https:\/\/api.w.org\/{rel}","templated":true}]}}