
{"id":26690,"date":"2019-06-26T11:06:32","date_gmt":"2019-06-26T17:06:32","guid":{"rendered":"https:\/\/www.nfu.ca\/la-politique-alimentaire-nationale-doit-etre-consideree-comme-une-base-daction-future\/"},"modified":"2025-10-02T22:11:43","modified_gmt":"2025-10-03T04:11:43","slug":"la-politique-alimentaire-nationale-doit-etre-consideree-comme-une-base-daction-future","status":"publish","type":"post","link":"https:\/\/www.nfu.ca\/fr\/la-politique-alimentaire-nationale-doit-etre-consideree-comme-une-base-daction-future\/","title":{"rendered":"La politique alimentaire nationale doit \u00eatre consid\u00e9r\u00e9e comme une base pour les actions futures"},"content":{"rendered":"<p><strong>(St-Andr\u00e9-Avellin) &#8211;<\/strong> La Nationale des Fermiers (UNF) se r\u00e9jouit de l&rsquo;annonce, le 17 juin 2019, d&rsquo;une nouvelle&#8230; <strong><br \/>\n  <em>politique alimentaire pour le Canada<\/em><br \/>\n<\/strong>. L&rsquo;engagement du gouvernement f\u00e9d\u00e9ral \u00e0 investir dans les infrastructures alimentaires locales permettra de combler les lacunes qui emp\u00eachent actuellement les fermi\u00e8res canadiennes de servir les consommateurs locaux d\u00e9sireux d&rsquo;acheter ce qu&rsquo;elles produisent. Il s&rsquo;agit d&rsquo;une \u00e9tape importante vers l&rsquo;alignement de notre syst\u00e8me alimentaire sur la vision de la <em>politique alimentaire pour le Canada<\/em>, qui est la suivante : <em>Tous les habitants du Canada ont acc\u00e8s \u00e0 une quantit\u00e9 suffisante d&rsquo;aliments sains, nutritifs et culturellement diversifi\u00e9s. Le syst\u00e8me alimentaire canadien est r\u00e9silient et innovant, il pr\u00e9serve notre environnement et soutient notre \u00e9conomie<\/em>.<\/p>\n<p>\u00ab\u00a0L&rsquo;UNF a plaid\u00e9 en faveur de l&rsquo;infrastructure alimentaire locale d\u00e8s les premi\u00e8res \u00e9tapes du processus de la politique alimentaire nationale\u00a0\u00bb, a d\u00e9clar\u00e9 Stuart Oke, pr\u00e9sident des jeunes de l&rsquo;UNF. \u00ab\u00a0Nous nous f\u00e9licitons de l&rsquo;annonce d&rsquo;un financement de 50 millions de dollars sur cinq ans pour soutenir l&rsquo;infrastructure alimentaire locale et nous attendons avec impatience de conna\u00eetre les d\u00e9tails de la mise en \u0153uvre de cette politique. Nous esp\u00e9rons que le gouvernement continuera \u00e0 honorer les recommandations du Comit\u00e9 permanent de l&rsquo;agriculture de la Chambre des repr\u00e9sentants en fournissant des investissements publics pour soutenir la prochaine g\u00e9n\u00e9ration de fermi\u00e8res.\u00a0\u00bb<\/p>\n<p>L&rsquo;UNF est \u00e9galement encourag\u00e9e par le projet du gouvernement de cr\u00e9er un <em>Conseil consultatif sur la politique alimentaire canadienne<\/em>, compos\u00e9 de membres de la soci\u00e9t\u00e9 civile ayant une expertise dans le domaine de l&rsquo;alimentation. L&rsquo;UNF est pr\u00eate \u00e0 faire profiter le Conseil consultatif de ses 50 ans d&rsquo;exp\u00e9rience en mati\u00e8re de d\u00e9fense des politiques d\u00e9mocratiques en faveur des familles agricoles canadiennes.<\/p>\n<p>\u00ab\u00a0Pour apporter de la valeur \u00e0 la politique alimentaire nationale, le conseil consultatif doit \u00eatre compos\u00e9 de repr\u00e9sentants de divers groupes de la soci\u00e9t\u00e9 canadienne, et notamment d&rsquo;une voix forte pour les fermi\u00e8res, ind\u00e9pendante de l&rsquo;influence de l&rsquo;agro-industrie\u00a0\u00bb, a ajout\u00e9 M. Oke.<\/p>\n<p>\u00ab\u00a0Nous consid\u00e9rons la politique alimentaire pour le Canada comme un premier pas vers la mise en avant de l&rsquo;alimentation, des fermiers et des citoyens canadiens qui consomment les aliments que nous produisons, dans les priorit\u00e9s de la politique agricole du Canada\u00a0\u00bb, a d\u00e9clar\u00e9 la pr\u00e9sidente de l&rsquo;UNF, Katie Ward. \u00ab\u00a0Nous sommes impatients de nous appuyer sur cette premi\u00e8re politique pour cr\u00e9er un syst\u00e8me alimentaire plus diversifi\u00e9, plus complexe et plus r\u00e9silient, et aider le Canada \u00e0 faire face aux d\u00e9fis et aux tensions li\u00e9s aux in\u00e9vitables incertitudes \u00e9conomiques et climatiques qui se profilent \u00e0 l&rsquo;horizon.\u00a0\u00bb<\/p>\n<p style=\"text-align: center;\">&#8211; 30 &#8211;<\/p>\n<p><strong>Pour plus d&rsquo;informations :<\/strong><br \/>\n<strong>Katie Ward<\/strong>, pr\u00e9sidente de l&rsquo;UNF : 613-797-0601<br \/>\n<strong>Stuart Oke<\/strong>, pr\u00e9sident des jeunes de l&rsquo;UNF : 819-593-0626<\/p>\n<p><strong>M\u00e9moire de l&rsquo;UNF \u00e0 la Chambre des communes<\/strong>: <a href=\"https:\/\/www.nfu.ca\/fr\/policy\/unf-brief-sur-une-politique-alimentaire-pour-le-canada\/\">Une politique alimentaire pour le Canada<\/a><\/p>\n","protected":false},"excerpt":{"rendered":"<p>La politique alimentaire pour le Canada est un premier pas vers la mise au premier plan des priorit\u00e9s de la politique agricole du Canada en ce qui concerne l&rsquo;alimentation, les fermiers et les citoyens canadiens qui consomment les aliments que nous produisons.<\/p>\n","protected":false},"author":2,"featured_media":23502,"comment_status":"closed","ping_status":"closed","sticky":false,"template":"","format":"standard","meta":{"_acf_changed":false,"_tec_requires_first_save":true,"_EventAllDay":false,"_EventTimezone":"","_EventStartDate":"","_EventEndDate":"","_EventStartDateUTC":"","_EventEndDateUTC":"","_EventShowMap":false,"_EventShowMapLink":false,"_EventURL":"","_EventCost":"","_EventCostDescription":"","_EventCurrencySymbol":"","_EventCurrencyCode":"","_EventCurrencyPosition":"","_EventDateTimeSeparator":"","_EventTimeRangeSeparator":"","_EventOrganizerID":[],"_EventVenueID":[],"_OrganizerEmail":"","_OrganizerPhone":"","_OrganizerWebsite":"","_VenueAddress":"","_VenueCity":"","_VenueCountry":"","_VenueProvince":"","_VenueState":"","_VenueZip":"","_VenuePhone":"","_VenueURL":"","_VenueStateProvince":"","_VenueLat":"","_VenueLng":"","_VenueShowMap":false,"_VenueShowMapLink":false,"_tribe_blocks_recurrence_rules":"","_tribe_blocks_recurrence_description":"","_tribe_blocks_recurrence_exclusions":"","_ecp_custom_4":"","_ecp_custom_7":"","_ecp_custom_9":"","_ecp_custom_10":"","_ecp_custom_12":"","_ecp_custom_13":"","footnotes":""},"categories":[295],"tags":[383,384,393,380],"post_region":[],"post_campaign":[336],"class_list":["post-26690","post","type-post","status-publish","format-standard","has-post-thumbnail","hentry","category-communique-de-presse","tag-alimentation-locale","tag-nouveaux-fermiers","tag-parlementaire","tag-souverainete-alimentaire","post_campaign-souverainete-alimentaire"],"acf":[],"_links":{"self":[{"href":"https:\/\/www.nfu.ca\/fr\/wp-json\/wp\/v2\/posts\/26690","targetHints":{"allow":["GET"]}}],"collection":[{"href":"https:\/\/www.nfu.ca\/fr\/wp-json\/wp\/v2\/posts"}],"about":[{"href":"https:\/\/www.nfu.ca\/fr\/wp-json\/wp\/v2\/types\/post"}],"author":[{"embeddable":true,"href":"https:\/\/www.nfu.ca\/fr\/wp-json\/wp\/v2\/users\/2"}],"replies":[{"embeddable":true,"href":"https:\/\/www.nfu.ca\/fr\/wp-json\/wp\/v2\/comments?post=26690"}],"version-history":[{"count":1,"href":"https:\/\/www.nfu.ca\/fr\/wp-json\/wp\/v2\/posts\/26690\/revisions"}],"predecessor-version":[{"id":43437,"href":"https:\/\/www.nfu.ca\/fr\/wp-json\/wp\/v2\/posts\/26690\/revisions\/43437"}],"wp:featuredmedia":[{"embeddable":true,"href":"https:\/\/www.nfu.ca\/fr\/wp-json\/wp\/v2\/media\/23502"}],"wp:attachment":[{"href":"https:\/\/www.nfu.ca\/fr\/wp-json\/wp\/v2\/media?parent=26690"}],"wp:term":[{"taxonomy":"category","embeddable":true,"href":"https:\/\/www.nfu.ca\/fr\/wp-json\/wp\/v2\/categories?post=26690"},{"taxonomy":"post_tag","embeddable":true,"href":"https:\/\/www.nfu.ca\/fr\/wp-json\/wp\/v2\/tags?post=26690"},{"taxonomy":"post_region","embeddable":true,"href":"https:\/\/www.nfu.ca\/fr\/wp-json\/wp\/v2\/post_region?post=26690"},{"taxonomy":"post_campaign","embeddable":true,"href":"https:\/\/www.nfu.ca\/fr\/wp-json\/wp\/v2\/post_campaign?post=26690"}],"curies":[{"name":"wp","href":"https:\/\/api.w.org\/{rel}","templated":true}]}}