
{"id":26635,"date":"2022-03-22T16:43:59","date_gmt":"2022-03-22T22:43:59","guid":{"rendered":"https:\/\/www.nfu.ca\/lettre-a-votre-mp-climat-et-communaute\/"},"modified":"2025-10-02T23:37:46","modified_gmt":"2025-10-03T05:37:46","slug":"lettre-a-votre-mp-climat-et-communaute","status":"publish","type":"post","link":"https:\/\/www.nfu.ca\/fr\/lettre-a-votre-mp-climat-et-communaute\/","title":{"rendered":"Lettre \u00e0 votre d\u00e9put\u00e9 &#8211; Climat et Communaut\u00e9"},"content":{"rendered":"<p><span style=\"font-weight: 400;\">Chers membres de l&rsquo;UNF,  <\/span><\/p>\n<p><span style=\"font-weight: 400;\">Nous vivons une crise climatique et agricole et nous avons besoin d&rsquo;une action de la part de nos dirigeants politiques \u00e9lus qui sont cens\u00e9s repr\u00e9senter nos int\u00e9r\u00eats ! En tant que membres de la Nationale des Fermiers (UNF), vous savez que l&rsquo;union fait la force. Nous encourageons les membres de l&rsquo;UNF \u00e0 s&rsquo;organiser et \u00e0 se mobiliser autour de la crise climatique et agricole, en commen\u00e7ant par interpeller votre d\u00e9put\u00e9 sur les probl\u00e8mes qui affectent les fermi\u00e8res.  <\/span><\/p>\n<p><span style=\"font-weight: 400;\">Les fermiere ont besoin :<\/span><\/p>\n<ul>\n<li style=\"font-weight: 400;\" aria-level=\"1\"><span style=\"font-weight: 400;\">des fonds et de l&rsquo;aide pour acc\u00e9der \u00e0 des fonds afin de mettre en \u0153uvre des mesures climatiques dans les exploitations agricoles ;  <\/span><\/li>\n<li style=\"font-weight: 400;\" aria-level=\"1\"><span style=\"font-weight: 400;\">des programmes de r\u00e9ponse au changement climatique qui s&rsquo;adaptent \u00e0 leurs besoins, \u00e0 leur taille, \u00e0 leur structure et \u00e0 d&rsquo;autres r\u00e9alit\u00e9s de l&rsquo;exploitation ;<\/span><\/li>\n<li style=\"font-weight: 400;\" aria-level=\"1\"><span style=\"font-weight: 400;\">la s\u00e9curit\u00e9 des revenus.<\/span><\/li>\n<\/ul>\n<p><span style=\"font-weight: 400;\">Ces questions sont profond\u00e9ment li\u00e9es, tout comme les solutions. Dites-le \u00e0 votre d\u00e9put\u00e9 ! M\u00eame si vous ne recevez pas de r\u00e9ponse, le volume de lettres soulignant les r\u00e9alit\u00e9s des fermi\u00e8res sera suivi et il s&rsquo;agit toujours d&rsquo;une \u00e9tape pr\u00e9cieuse pour les responsabiliser.<\/span><\/p>\n<p>Nous <span style=\"font-weight: 400;\">avons <\/span> r\u00e9dig\u00e9 une lettre ci-dessous que vous pouvez<span style=\"color: var(--bs-body-color); font-size: var(--bs-body-font-size); text-align: var(--bs-body-text-align); background-color: var(--bs-body-bg);\"> envoyer \u00e0 votre d\u00e9put\u00e9. Nous vous encourageons \u00e0 l&rsquo;envoyer d\u00e8s aujourd&rsquo;hui ! Vous pouvez simplement ins\u00e9rer les informations surlign\u00e9es et l&rsquo;envoyer ou personnaliser la lettre pour qu&rsquo;elle refl\u00e8te vos priorit\u00e9s en mati\u00e8re de climat et de s\u00e9curit\u00e9 des revenus avant de l&rsquo;envoyer. <\/span> <\/p>\n<p><a rel=\"noopener\" target=\"_blank\" href=\"https:\/\/www.ourcommons.ca\/members\/en\"><br \/>\n  <span style=\"font-weight: 400;\">Utilisez ce lien<\/span><br \/>\n<\/a><span style=\"font-weight: 400;\"> pour trouver votre d\u00e9put\u00e9 local.<\/span><\/p>\n<p><span style=\"font-weight: 400;\">L&rsquo;union fait la force. Veillons \u00e0 ce que les fermi\u00e8res soient entendues et disposent de ce dont elles ont besoin pour assurer leur subsistance aujourd&rsquo;hui et \u00e0 l&rsquo;avenir.<\/span><\/p>\n<p><span style=\"font-weight: 400;\">En toute solidarit\u00e9, <\/span><\/p>\n<p><span style=\"font-weight: 400;\">L&rsquo;\u00e9quipe de l&rsquo;Union Nationale des Fermiers<\/span><\/p>\n<p>&nbsp;<\/p>\n<hr>\n<p>&nbsp;<\/p>\n<p><strong>DATE<\/strong><\/p>\n<p>&nbsp;<\/p>\n<p><strong>NOM DU D\u00c9PUT\u00c9<\/strong><\/p>\n<p><strong>ADRESSE DU D\u00c9PUT\u00c9<\/strong><\/p>\n<p>&nbsp;<\/p>\n<p><strong>Cher <\/strong><span style=\"font-weight: 400;\"><strong>NOM DU D\u00c9PUT\u00c9<\/strong>,<\/span><\/p>\n<p><span style=\"font-weight: 400;\">Je suis<\/span><span style=\"font-weight: 400;\"> fermiere de votre circonscription<\/span><span style=\"font-weight: 400;\"> vous \u00e9crivant pour exprimer mon inqui\u00e9tude urgente pour les fermi\u00e8res et les mangeurs face au changement climatique. Les fermi\u00e8res subissent de plein fouet les cons\u00e9quences de la crise climatique, et elles en paient le prix, ce qui acc\u00e9l\u00e8re la crise agricole et la viabilit\u00e9 de l&rsquo;agriculture. Cela devrait nous concerner tous en tant que consommateurs. <\/span> <\/p>\n<p><span style=\"font-weight: 400;\">Un communiqu\u00e9 de presse de l&rsquo;Union Nationale des Fermiers (UNF)<\/span><a href=\"https:\/\/www.nfu.ca\/fr\/les-prix-des-produits-depicerie-augmentent-et-la-part-des-fermieres-diminue-alors-que-les-entreprises-de-transformation-et-de-vente-au-detail-prennent-de-plus-en-plus-dimportance\/\"><br \/>\n  <span style=\"font-weight: 400;\"> communiqu\u00e9 de presse<\/span><br \/>\n<\/a><span style=\"font-weight: 400;\"> indique que \u00ab\u00a0les donn\u00e9es publiques montrent que les entreprises de transformation alimentaire et les d\u00e9taillants ont sans rel\u00e2che, pendant des d\u00e9cennies, fait grimper les prix de d\u00e9tail alors m\u00eame que les prix pay\u00e9s aux fermi\u00e8res restaient largement stagnants\u00a0\u00bb. D&rsquo;apr\u00e8s l&rsquo;\u00e9tude <\/span><a href=\"https:\/\/www.nfu.ca\/wp-content\/uploads\/2021\/11\/new-farmer-report-web-dec6.pdf\"><br \/>\n  <i><br \/>\n    <span style=\"font-weight: 400;\">Qui va nous nourrir ?<\/span><br \/>\n  <\/i><br \/>\n<\/a><span style=\"font-weight: 400;\"> dans les ann\u00e9es 1930, un Canadien sur trois travaillait dans l&rsquo;agriculture. Aujourd&rsquo;hui, les fermi\u00e8res repr\u00e9sentent moins de 1 % de la population canadienne (Statistique Canada). <\/span> <\/p>\n<p><span style=\"font-weight: 400;\">Dans ce contexte, les fermi\u00e8res subissent de plein fouet les cons\u00e9quences de la crise climatique, en particulier les petites exploitations. Le recensement de 2016 montre que plus de 40 % des exploitations agricoles de la Colombie-Britannique sont de petite taille et d\u00e9clarent moins de 10 000 dollars de recettes. La crise climatique ponctionne encore une fois le revenu des fermi\u00e8res. Les fermi\u00e8res ont besoin d&rsquo;aide maintenant.  <\/span><\/p>\n<p><span style=\"font-weight: 400;\">Un groupe de fermiers de la Colombie-Britannique et du Yukon a r\u00e9cemment organis\u00e9 un rassemblement pour discuter des impacts du changement climatique sur nos fermes. Un participant a d\u00e9clar\u00e9 : \u00ab\u00a0Lorsque mon exploitation a \u00e9t\u00e9 rapidement inond\u00e9e, cela a entra\u00een\u00e9 une r\u00e9duction assez directe de mon revenu personnel. J&rsquo;ai du personnel \u00e0 r\u00e9mun\u00e9rer et j&rsquo;ai un peu r\u00e9duit ses heures de travail, mais nous devions quand m\u00eame replanter les cultures et nous remettre sur les rails, alors j&rsquo;ai d\u00fb faire face aux d\u00e9penses initiales du printemps une deuxi\u00e8me fois pour l&rsquo;ann\u00e9e, et cela a \u00e9t\u00e9 pr\u00e9lev\u00e9 sur mon salaire\u00a0\u00bb. Le m\u00eame fermier a fait remarquer qu&rsquo;il n&rsquo;avait pas pu acc\u00e9der aux programmes d&rsquo;aide \u00e0 la suite d&rsquo;une inondation ; \u00ab\u00a0vous devez montrer une perte de revenu par rapport \u00e0 l&rsquo;ann\u00e9e pr\u00e9c\u00e9dente et, comme mon entreprise est encore tr\u00e8s jeune, je vise une augmentation de 20 \u00e0 30 % de mon revenu brut d&rsquo;une ann\u00e9e \u00e0 l&rsquo;autre\u00a0\u00bb.<\/span><\/p>\n<p><span style=\"font-weight: 400;\">Les fermiere ont besoin :<\/span><\/p>\n<ul>\n<li style=\"font-weight: 400;\" aria-level=\"1\"><span style=\"font-weight: 400;\">des fonds et de l&rsquo;aide pour acc\u00e9der \u00e0 des fonds afin de mettre en \u0153uvre des mesures climatiques dans les exploitations agricoles ;  <\/span><\/li>\n<li style=\"font-weight: 400;\" aria-level=\"1\"><span style=\"font-weight: 400;\">des programmes de r\u00e9ponse au changement climatique qui s&rsquo;adaptent \u00e0 leurs besoins, \u00e0 leur taille, \u00e0 leur structure et \u00e0 d&rsquo;autres r\u00e9alit\u00e9s de l&rsquo;exploitation ;<\/span><\/li>\n<li style=\"font-weight: 400;\" aria-level=\"1\"><span style=\"font-weight: 400;\">la s\u00e9curit\u00e9 des revenus.<\/span><\/li>\n<\/ul>\n<p><span style=\"font-weight: 400;\">Nous savons que le gouvernement f\u00e9d\u00e9ral s&rsquo;est engag\u00e9 \u00e0 r\u00e9tablir le climat et \u00e0 trouver des solutions climatiques dans les exploitations agricoles. Quelles actions sp\u00e9cifiques comptez-vous entreprendre pour que ces programmes soient rapidement mis en \u0153uvre et refl\u00e8tent les r\u00e9alit\u00e9s des fermi\u00e8res, et pour que la s\u00e9curit\u00e9 des revenus agricoles soit abord\u00e9e \u00e0 la racine ? Veuillez r\u00e9pondre \u00e0 ces questions cl\u00e9s.<\/span><\/p>\n<p><span style=\"font-weight: 400;\">Je vous prie d&rsquo;agr\u00e9er, Monsieur le Pr\u00e9sident, l&rsquo;expression de mes sentiments distingu\u00e9s,<\/span><\/p>\n<p><span style=\"font-weight: 400;\">Signature<\/span><\/p>\n<p><span style=\"font-weight: 400;\">NOM<\/span><\/p>\n<p><span style=\"font-weight: 400;\">ADRESSE<\/span><\/p>\n","protected":false},"excerpt":{"rendered":"<p>Chers membres de l&rsquo;UNF, Nous vivons une crise climatique et agricole et nous avons besoin d&rsquo;une action de la part de nos dirigeants politiques \u00e9lus qui sont cens\u00e9s repr\u00e9senter nos<\/p>\n","protected":false},"author":2,"featured_media":0,"comment_status":"closed","ping_status":"closed","sticky":false,"template":"","format":"standard","meta":{"_acf_changed":false,"_tec_requires_first_save":true,"_EventAllDay":false,"_EventTimezone":"","_EventStartDate":"","_EventEndDate":"","_EventStartDateUTC":"","_EventEndDateUTC":"","_EventShowMap":false,"_EventShowMapLink":false,"_EventURL":"","_EventCost":"","_EventCostDescription":"","_EventCurrencySymbol":"","_EventCurrencyCode":"","_EventCurrencyPosition":"","_EventDateTimeSeparator":"","_EventTimeRangeSeparator":"","_EventOrganizerID":[],"_EventVenueID":[],"_OrganizerEmail":"","_OrganizerPhone":"","_OrganizerWebsite":"","_VenueAddress":"","_VenueCity":"","_VenueCountry":"","_VenueProvince":"","_VenueState":"","_VenueZip":"","_VenuePhone":"","_VenueURL":"","_VenueStateProvince":"","_VenueLat":"","_VenueLng":"","_VenueShowMap":false,"_VenueShowMapLink":false,"_tribe_blocks_recurrence_rules":"","_tribe_blocks_recurrence_description":"","_tribe_blocks_recurrence_exclusions":"","_ecp_custom_4":"","_ecp_custom_7":"","_ecp_custom_9":"","_ecp_custom_10":"","_ecp_custom_12":"","_ecp_custom_13":"","footnotes":""},"categories":[302],"tags":[375],"post_region":[],"post_campaign":[332],"class_list":["post-26635","post","type-post","status-publish","format-standard","hentry","category-agir","tag-changement-climatique","post_campaign-changement-climatique"],"acf":[],"_links":{"self":[{"href":"https:\/\/www.nfu.ca\/fr\/wp-json\/wp\/v2\/posts\/26635","targetHints":{"allow":["GET"]}}],"collection":[{"href":"https:\/\/www.nfu.ca\/fr\/wp-json\/wp\/v2\/posts"}],"about":[{"href":"https:\/\/www.nfu.ca\/fr\/wp-json\/wp\/v2\/types\/post"}],"author":[{"embeddable":true,"href":"https:\/\/www.nfu.ca\/fr\/wp-json\/wp\/v2\/users\/2"}],"replies":[{"embeddable":true,"href":"https:\/\/www.nfu.ca\/fr\/wp-json\/wp\/v2\/comments?post=26635"}],"version-history":[{"count":1,"href":"https:\/\/www.nfu.ca\/fr\/wp-json\/wp\/v2\/posts\/26635\/revisions"}],"predecessor-version":[{"id":43806,"href":"https:\/\/www.nfu.ca\/fr\/wp-json\/wp\/v2\/posts\/26635\/revisions\/43806"}],"wp:attachment":[{"href":"https:\/\/www.nfu.ca\/fr\/wp-json\/wp\/v2\/media?parent=26635"}],"wp:term":[{"taxonomy":"category","embeddable":true,"href":"https:\/\/www.nfu.ca\/fr\/wp-json\/wp\/v2\/categories?post=26635"},{"taxonomy":"post_tag","embeddable":true,"href":"https:\/\/www.nfu.ca\/fr\/wp-json\/wp\/v2\/tags?post=26635"},{"taxonomy":"post_region","embeddable":true,"href":"https:\/\/www.nfu.ca\/fr\/wp-json\/wp\/v2\/post_region?post=26635"},{"taxonomy":"post_campaign","embeddable":true,"href":"https:\/\/www.nfu.ca\/fr\/wp-json\/wp\/v2\/post_campaign?post=26635"}],"curies":[{"name":"wp","href":"https:\/\/api.w.org\/{rel}","templated":true}]}}