
{"id":26598,"date":"2021-08-07T02:00:58","date_gmt":"2021-08-07T08:00:58","guid":{"rendered":"https:\/\/www.nfu.ca\/le-temps-pour-les-premiers-ministres-occidentaux-de-faire-ce-quil-faut-en-ce-qui-concerne-lagristabilite\/"},"modified":"2025-10-02T23:37:42","modified_gmt":"2025-10-03T05:37:42","slug":"le-temps-pour-les-premiers-ministres-occidentaux-de-faire-ce-quil-faut-en-ce-qui-concerne-lagristabilite","status":"publish","type":"post","link":"https:\/\/www.nfu.ca\/fr\/le-temps-pour-les-premiers-ministres-occidentaux-de-faire-ce-quil-faut-en-ce-qui-concerne-lagristabilite\/","title":{"rendered":"Il est temps pour les Premiers ministres de l&rsquo;Ouest de \u00ab\u00a0faire ce qu&rsquo;il faut\u00a0\u00bb en mati\u00e8re d&rsquo;agronomie"},"content":{"rendered":"<p><b>Swift Current, SK &#8211; La<\/b>Nationale des Fermiers (UNF) exhorte les premiers ministres conservateurs de l&rsquo;Ouest de la Saskatchewan et de l&rsquo;Alberta \u00e0 mettre de c\u00f4t\u00e9 la politique politicienne et \u00e0 \u00a0\u00bb faire ce qu&rsquo;il faut \u00a0\u00bb pour que les fermiers frapp\u00e9s par la s\u00e9cheresse re\u00e7oivent l&rsquo;aide dont ils ont cruellement besoin. L&rsquo;UNF demande instamment aux premiers ministres d&rsquo;accepter les offres f\u00e9d\u00e9rales visant \u00e0 accro\u00eetre la couverture du programme Agri-stabilit\u00e9 et \u00e0 le rendre plus largement accessible.<b><\/b><\/p>\n<p class=\"v1MsoNormal\">\u00ab\u00a0Le manque d&rsquo;humidit\u00e9 s&rsquo;est combin\u00e9 \u00e0 des temp\u00e9ratures plus \u00e9lev\u00e9es que la moyenne pour mettre de nombreux fermiers et \u00e9leveurs dans une situation d\u00e9sesp\u00e9r\u00e9e\u00a0\u00bb, explique Stewart Wells, fermier et vice-pr\u00e9sident de l&rsquo;UNF. Il a expliqu\u00e9 que le gouvernement f\u00e9d\u00e9ral a propos\u00e9 d&rsquo;augmenter les fonds disponibles dans le cadre du programme Agri-stabilit\u00e9, en faisant passer le taux de compensation de 70 \u00e0 80 %. L&rsquo;une des principales pierres d&rsquo;achoppement pour certaines provinces est de verser leur part du financement f\u00e9d\u00e9ral-provincial. Outre l&rsquo;augmentation de la couverture, le gouvernement f\u00e9d\u00e9ral reste ouvert \u00e0 des modifications permettant une inscription tardive au programme.<\/p>\n<p class=\"v1MsoNormal\">M. Wells a conclu en ces termes : \u00ab\u00a0Nous devons permettre \u00e0 davantage d&rsquo;agriculteurs de b\u00e9n\u00e9ficier de ces programmes : \u00ab\u00a0Nous devons permettre \u00e0 un plus grand nombre de fermi\u00e8res et de fermiers de b\u00e9n\u00e9ficier de ces programmes et nous devons couvrir plus compl\u00e8tement les pertes stup\u00e9fiantes caus\u00e9es par la chaleur et la s\u00e9cheresse. Les premiers ministres des provinces de l&rsquo;Ouest ne font qu&rsquo;adopter des positions politiques et leur inaction se fait au d\u00e9triment des fermiers et des \u00e9leveurs de leurs provinces respectives. Il est maintenant temps de cesser de faire de la politique et de prendre les mesures qui s&rsquo;imposent pour les fermiers et les \u00e9leveurs de toutes les provinces.\u00a0\u00bb<\/p>\n<p class=\"v1MsoNormal\" align=\"center\"><b>&#8211; 30 &#8211;<\/b><\/p>\n<p class=\"v1MsoNormal\"><b>Pour plus d&rsquo;informations, veuillez contacter<\/b><\/p>\n<p class=\"v1MsoNormal\">Stewart Wells, vice-pr\u00e9sident des op\u00e9rations de l&rsquo;UNF : (306) 773-6852 <a href=\"mailto:toews.wells@sasktel.net\">toews.wells@sasktel.net<\/a><\/p>\n<p class=\"v1MsoNormal\">Darrin Qualman, directeur de l&rsquo;UNF. de la politique climatique : (306) 230-9115 <a href=\"mailto:qualman@nfu.ca\">qualman@nfu.ca<\/a><\/p>\n<p>&nbsp;<\/p>\n<p>La traduction est financ\u00e9e en partie par le gouvernement du Canada.<\/p>\n<p><a rel=\"noopener\" target=\"_blank\" href=\"http:\/\/www.canada.ca\"><img loading=\"lazy\" decoding=\"async\" class=\"alignnone size-full wp-image-13910\" src=\"https:\/\/www.nfu.ca\/wp-content\/uploads\/2021\/09\/mot_reconnaissance_bil_2_bil_text_wordmark_2-eng-1.jpeg\" alt=\"\" width=\"280\" height=\"75\"><\/a><\/p>\n<p>&nbsp;<\/p>\n","protected":false},"excerpt":{"rendered":"<p>Swift Current, SK &#8211; LaNationale des Fermiers (UNF) exhorte les premiers ministres conservateurs de l&rsquo;Ouest de la Saskatchewan et de l&rsquo;Alberta \u00e0 mettre de c\u00f4t\u00e9 la politique politicienne et \u00e0<\/p>\n","protected":false},"author":2,"featured_media":24937,"comment_status":"closed","ping_status":"closed","sticky":false,"template":"","format":"standard","meta":{"_acf_changed":false,"_tec_requires_first_save":true,"_EventAllDay":false,"_EventTimezone":"","_EventStartDate":"","_EventEndDate":"","_EventStartDateUTC":"","_EventEndDateUTC":"","_EventShowMap":false,"_EventShowMapLink":false,"_EventURL":"","_EventCost":"","_EventCostDescription":"","_EventCurrencySymbol":"","_EventCurrencyCode":"","_EventCurrencyPosition":"","_EventDateTimeSeparator":"","_EventTimeRangeSeparator":"","_EventOrganizerID":[],"_EventVenueID":[],"_OrganizerEmail":"","_OrganizerPhone":"","_OrganizerWebsite":"","_VenueAddress":"","_VenueCity":"","_VenueCountry":"","_VenueProvince":"","_VenueState":"","_VenueZip":"","_VenuePhone":"","_VenueURL":"","_VenueStateProvince":"","_VenueLat":"","_VenueLng":"","_VenueShowMap":false,"_VenueShowMapLink":false,"_tribe_blocks_recurrence_rules":"","_tribe_blocks_recurrence_description":"","_tribe_blocks_recurrence_exclusions":"","_ecp_custom_4":"","_ecp_custom_7":"","_ecp_custom_9":"","_ecp_custom_10":"","_ecp_custom_12":"","_ecp_custom_13":"","footnotes":""},"categories":[295],"tags":[366,375,372,378,379,361],"post_region":[],"post_campaign":[332,346],"class_list":["post-26598","post","type-post","status-publish","format-standard","has-post-thumbnail","hentry","category-communique-de-presse","tag-betail","tag-changement-climatique","tag-domaines-daction","tag-environnement","tag-revenu-agricole","tag-travailleurs-agricoles","post_campaign-changement-climatique","post_campaign-qualite-de-vie-en-milieu-rural"],"acf":[],"_links":{"self":[{"href":"https:\/\/www.nfu.ca\/fr\/wp-json\/wp\/v2\/posts\/26598","targetHints":{"allow":["GET"]}}],"collection":[{"href":"https:\/\/www.nfu.ca\/fr\/wp-json\/wp\/v2\/posts"}],"about":[{"href":"https:\/\/www.nfu.ca\/fr\/wp-json\/wp\/v2\/types\/post"}],"author":[{"embeddable":true,"href":"https:\/\/www.nfu.ca\/fr\/wp-json\/wp\/v2\/users\/2"}],"replies":[{"embeddable":true,"href":"https:\/\/www.nfu.ca\/fr\/wp-json\/wp\/v2\/comments?post=26598"}],"version-history":[{"count":1,"href":"https:\/\/www.nfu.ca\/fr\/wp-json\/wp\/v2\/posts\/26598\/revisions"}],"predecessor-version":[{"id":43796,"href":"https:\/\/www.nfu.ca\/fr\/wp-json\/wp\/v2\/posts\/26598\/revisions\/43796"}],"wp:featuredmedia":[{"embeddable":true,"href":"https:\/\/www.nfu.ca\/fr\/wp-json\/wp\/v2\/media\/24937"}],"wp:attachment":[{"href":"https:\/\/www.nfu.ca\/fr\/wp-json\/wp\/v2\/media?parent=26598"}],"wp:term":[{"taxonomy":"category","embeddable":true,"href":"https:\/\/www.nfu.ca\/fr\/wp-json\/wp\/v2\/categories?post=26598"},{"taxonomy":"post_tag","embeddable":true,"href":"https:\/\/www.nfu.ca\/fr\/wp-json\/wp\/v2\/tags?post=26598"},{"taxonomy":"post_region","embeddable":true,"href":"https:\/\/www.nfu.ca\/fr\/wp-json\/wp\/v2\/post_region?post=26598"},{"taxonomy":"post_campaign","embeddable":true,"href":"https:\/\/www.nfu.ca\/fr\/wp-json\/wp\/v2\/post_campaign?post=26598"}],"curies":[{"name":"wp","href":"https:\/\/api.w.org\/{rel}","templated":true}]}}