
{"id":26546,"date":"2024-05-01T07:35:35","date_gmt":"2024-05-01T13:35:35","guid":{"rendered":"https:\/\/www.nfu.ca\/appel-a-laction-de-lunf-le-jour-meme\/"},"modified":"2025-10-02T23:37:55","modified_gmt":"2025-10-03T05:37:55","slug":"appel-a-laction-de-lunf-le-jour-meme","status":"publish","type":"post","link":"https:\/\/www.nfu.ca\/fr\/appel-a-laction-de-lunf-le-jour-meme\/","title":{"rendered":"\u00c0 l&rsquo;occasion du 1er mai, l&rsquo;UNF appelle \u00e0 l&rsquo;action pour prot\u00e9ger la sant\u00e9 et la s\u00e9curit\u00e9 des travailleurs agricoles dans un contexte de crise climatique."},"content":{"rendered":"\n<p>Les travailleurs agricoles et les fermiers sont en premi\u00e8re ligne de la crise climatique au Canada. En cette journ\u00e9e internationale des travailleurs (1er mai), la Nationale des Fermiers (UNF) appelle \u00e0 l&rsquo;am\u00e9lioration de la sant\u00e9 et de la s\u00e9curit\u00e9 au travail (SST) et des droits du travail pour les travailleurs agricoles en tant que mesures de protection contre les impacts du changement climatique.<\/p>\n\n<p>Avec la hausse des temp\u00e9ratures, les travailleurs agricoles sont de plus en plus expos\u00e9s \u00e0 la chaleur extr\u00eame et \u00e0 ses dangers. Les nuages de fum\u00e9e des incendies de for\u00eat, provoqu\u00e9s par la s\u00e9cheresse, d\u00e9rivent sur des centaines de kilom\u00e8tres et affectent la qualit\u00e9 de l&rsquo;air dans les exploitations agricoles de tout le pays. Les temp\u00eates violentes, les vents violents et les inondations sont autant de menaces pour la s\u00e9curit\u00e9 des travailleurs. Ce que nous attendons de nos responsables politiques, c&rsquo;est une action audacieuse en faveur du climat, des protections compl\u00e8tes et durables en mati\u00e8re de sant\u00e9 et de s\u00e9curit\u00e9, ainsi qu&rsquo;une am\u00e9lioration des droits des travailleurs et des m\u00e9canismes permettant de faire respecter ces droits, tels que la n\u00e9gociation collective et la repr\u00e9sentation syndicale, afin de rendre le travail agricole plus s\u00fbr pour tous.<\/p>\n\n<p>Dans toutes les provinces, la l\u00e9gislation actuelle en mati\u00e8re de sant\u00e9 et de s\u00e9curit\u00e9 au travail ne permet pas de prot\u00e9ger correctement les travailleurs contre les effets croissants du changement climatique sur la sant\u00e9. En outre, les travailleurs agricoles continuent d&rsquo;\u00eatre exclus de la plupart des protections pr\u00e9vues par les normes d&#8217;emploi des provinces. En l&rsquo;absence de normes de travail et de SST permettant aux travailleurs de prendre des pauses, de limiter le nombre d&rsquo;heures travaill\u00e9es sur l&rsquo;exploitation ou d&rsquo;acc\u00e9der \u00e0 des mesures de survie telles que l&rsquo;ombre, l&rsquo;eau potable et des EPI appropri\u00e9s, les travailleurs agricoles sont vuln\u00e9rables aux effets n\u00e9fastes sur la sant\u00e9 des conditions m\u00e9t\u00e9orologiques et des chaleurs extr\u00eames.<\/p>\n\n<p>Cette vuln\u00e9rabilit\u00e9 est particuli\u00e8rement aigu\u00eb pour les dizaines de milliers de travailleurs migrants employ\u00e9s dans l&rsquo;agriculture, dont les permis de travail ferm\u00e9s les lient \u00e0 un seul employeur. Risquant d&rsquo;\u00eatre expuls\u00e9s s&rsquo;ils d\u00e9fendent leur sant\u00e9 et leur s\u00e9curit\u00e9, les travailleurs migrants sont confront\u00e9s \u00e0 des conditions de vie et de travail de plus en plus dangereuses en raison de l&rsquo;utilisation accrue des pesticides, de la chaleur intol\u00e9rable des logements fournis par les employeurs, de la fum\u00e9e des incendies de for\u00eat et des conditions m\u00e9t\u00e9orologiques extr\u00eames. L&rsquo;UNF a toujours encourag\u00e9 les dirigeants du gouvernement \u00e0 faire progresser les droits des travailleurs migrants, y compris la n\u00e9cessit\u00e9 de r\u00e9viser les volets agricoles des programmes de travailleurs \u00e9trangers temporaires du Canada afin de garantir des conditions de travail et de vie s\u00fbres, de mettre fin aux permis ferm\u00e9s et d&rsquo;offrir de v\u00e9ritables voies d&rsquo;acc\u00e8s \u00e0 la citoyennet\u00e9.  <\/p>\n\n<p>Les employeurs manquent \u00e9galement de soutien et de ressources et sont laiss\u00e9s \u00e0 eux-m\u00eames pour d\u00e9terminer ce qui est s\u00fbr ou non pour eux-m\u00eames et leur personnel, sans r\u00e9glementation coh\u00e9rente et contraignante pour les prot\u00e9ger, eux et leurs travailleurs. Bien que la plupart des provinces disposent d&rsquo;une r\u00e9glementation en mati\u00e8re de sant\u00e9 et de s\u00e9curit\u00e9 au travail qui traite du stress thermique (l&rsquo;Ontario et l&rsquo;Alberta, notamment, n&rsquo;ont pas de r\u00e9glementation relative \u00e0 la chaleur), nombre de ces r\u00e9glementations ne vont pas assez loin pour prot\u00e9ger les travailleurs contre les effets de l&rsquo;exposition \u00e0 la chaleur sur la sant\u00e9. Aucune province ne dispose actuellement d&rsquo;une l\u00e9gislation prot\u00e9geant les travailleurs en ext\u00e9rieur contre la mauvaise qualit\u00e9 de l&rsquo;air ext\u00e9rieur.<\/p>\n\n<p>Cet \u00e9t\u00e9, les travailleurs agricoles et les employeurs de l&rsquo;UNF lanceront une campagne de narration et de plaidoyer pour attirer l&rsquo;attention sur les impacts du changement climatique sur la sant\u00e9 physique, mentale et \u00e9conomique de ceux d&rsquo;entre nous qui effectuent le travail essentiel de la culture des aliments du Canada. Restez inform\u00e9 en suivant @nfucanada sur Instagram.  <br\/> <\/p>\n\n<p class=\"has-text-align-center\">-30-<\/p>\n\n<p><br\/><strong>Pour plus d&rsquo;informations<\/strong>: <br\/><strong>Hannah Kaya<\/strong>, organisatrice des travailleurs agricoles de l&rsquo;UNF : <a href=\"mailto:kaya@nfu.ca\">kaya@nfu.ca<\/a> <\/p>\n","protected":false},"excerpt":{"rendered":"<p>Les travailleurs agricoles et les fermiers sont en premi\u00e8re ligne de la crise climatique au Canada. En cette journ\u00e9e internationale des travailleurs (1er mai), la Nationale des Fermiers (UNF) appelle<\/p>\n","protected":false},"author":239,"featured_media":26040,"comment_status":"closed","ping_status":"closed","sticky":false,"template":"","format":"standard","meta":{"_acf_changed":false,"_tec_requires_first_save":true,"_EventAllDay":false,"_EventTimezone":"","_EventStartDate":"","_EventEndDate":"","_EventStartDateUTC":"","_EventEndDateUTC":"","_EventShowMap":false,"_EventShowMapLink":false,"_EventURL":"","_EventCost":"","_EventCostDescription":"","_EventCurrencySymbol":"","_EventCurrencyCode":"","_EventCurrencyPosition":"","_EventDateTimeSeparator":"","_EventTimeRangeSeparator":"","_EventOrganizerID":[],"_EventVenueID":[],"_OrganizerEmail":"","_OrganizerPhone":"","_OrganizerWebsite":"","_VenueAddress":"","_VenueCity":"","_VenueCountry":"","_VenueProvince":"","_VenueState":"","_VenueZip":"","_VenuePhone":"","_VenueURL":"","_VenueStateProvince":"","_VenueLat":"","_VenueLng":"","_VenueShowMap":false,"_VenueShowMapLink":false,"_tribe_blocks_recurrence_rules":"","_tribe_blocks_recurrence_description":"","_tribe_blocks_recurrence_exclusions":"","_ecp_custom_4":"","_ecp_custom_7":"","_ecp_custom_9":"","_ecp_custom_10":"","_ecp_custom_12":"","_ecp_custom_13":"","footnotes":""},"categories":[295],"tags":[375,380,361],"post_region":[],"post_campaign":[332,336,334],"class_list":["post-26546","post","type-post","status-publish","format-standard","has-post-thumbnail","hentry","category-communique-de-presse","tag-changement-climatique","tag-souverainete-alimentaire","tag-travailleurs-agricoles","post_campaign-changement-climatique","post_campaign-souverainete-alimentaire","post_campaign-travailleurs-agricoles"],"acf":[],"_links":{"self":[{"href":"https:\/\/www.nfu.ca\/fr\/wp-json\/wp\/v2\/posts\/26546","targetHints":{"allow":["GET"]}}],"collection":[{"href":"https:\/\/www.nfu.ca\/fr\/wp-json\/wp\/v2\/posts"}],"about":[{"href":"https:\/\/www.nfu.ca\/fr\/wp-json\/wp\/v2\/types\/post"}],"author":[{"embeddable":true,"href":"https:\/\/www.nfu.ca\/fr\/wp-json\/wp\/v2\/users\/239"}],"replies":[{"embeddable":true,"href":"https:\/\/www.nfu.ca\/fr\/wp-json\/wp\/v2\/comments?post=26546"}],"version-history":[{"count":1,"href":"https:\/\/www.nfu.ca\/fr\/wp-json\/wp\/v2\/posts\/26546\/revisions"}],"predecessor-version":[{"id":43419,"href":"https:\/\/www.nfu.ca\/fr\/wp-json\/wp\/v2\/posts\/26546\/revisions\/43419"}],"wp:featuredmedia":[{"embeddable":true,"href":"https:\/\/www.nfu.ca\/fr\/wp-json\/wp\/v2\/media\/26040"}],"wp:attachment":[{"href":"https:\/\/www.nfu.ca\/fr\/wp-json\/wp\/v2\/media?parent=26546"}],"wp:term":[{"taxonomy":"category","embeddable":true,"href":"https:\/\/www.nfu.ca\/fr\/wp-json\/wp\/v2\/categories?post=26546"},{"taxonomy":"post_tag","embeddable":true,"href":"https:\/\/www.nfu.ca\/fr\/wp-json\/wp\/v2\/tags?post=26546"},{"taxonomy":"post_region","embeddable":true,"href":"https:\/\/www.nfu.ca\/fr\/wp-json\/wp\/v2\/post_region?post=26546"},{"taxonomy":"post_campaign","embeddable":true,"href":"https:\/\/www.nfu.ca\/fr\/wp-json\/wp\/v2\/post_campaign?post=26546"}],"curies":[{"name":"wp","href":"https:\/\/api.w.org\/{rel}","templated":true}]}}