
{"id":26509,"date":"2023-11-17T10:23:15","date_gmt":"2023-11-17T16:23:15","guid":{"rendered":"https:\/\/www.nfu.ca\/les-jeunes-fermiers-et-les-travailleurs-agricoles-se-mobilisent-contre-la-colline-du-parlement-pour-interdire-aux-investisseurs-dacceder-a-la-propriete-des-terres-agricoles-du-canada\/"},"modified":"2025-10-02T23:50:46","modified_gmt":"2025-10-03T05:50:46","slug":"les-jeunes-fermiers-et-les-travailleurs-agricoles-se-mobilisent-contre-la-colline-du-parlement-pour-interdire-aux-investisseurs-dacceder-a-la-propriete-des-terres-agricoles-du-canada","status":"publish","type":"post","link":"https:\/\/www.nfu.ca\/fr\/les-jeunes-fermiers-et-les-travailleurs-agricoles-se-mobilisent-contre-la-colline-du-parlement-pour-interdire-aux-investisseurs-dacceder-a-la-propriete-des-terres-agricoles-du-canada\/","title":{"rendered":"Les jeunes fermiers et les travailleurs agricoles se rassemblent sur la Colline du Parlement pour exiger l&rsquo;interdiction de la propri\u00e9t\u00e9 des terres agricoles du Canada par les investisseurs."},"content":{"rendered":"<p><em>Les membres et les sympathisants de la Nationale des Fermiers se rassemblent pour prot\u00e9ger de la sp\u00e9culation les quelques terres agricoles viables du Canada. <strong>REMARQUE<\/strong>: L&rsquo;heure du rassemblement a \u00e9t\u00e9 modifi\u00e9e, passant de 12-15 heures \u00e0 14-16 heures.<\/em><\/p>\n<p><strong>Ottawa\/Territoire non c\u00e9d\u00e9 de la Nation Algonquine Anishinaabe<\/strong> &#8211; Des fermiers, des travailleurs agricoles et des sympathisants se rassemblent sur la Colline du Parlement le mercredi 22 novembre de 14h \u00e0 16h pour demander au gouvernement f\u00e9d\u00e9ral de prot\u00e9ger la souverainet\u00e9 alimentaire du Canada et d&rsquo;imposer une interdiction sur la propri\u00e9t\u00e9 des terres agricoles par les investisseurs. Sur la colline, de jeunes fermiers et travailleurs agricoles animeront une activit\u00e9 de visualisation de l&rsquo;acc\u00e8s aux terres agricoles au cours de laquelle les participants cr\u00e9eront des carr\u00e9s pour former une courtepointe collective, partageront des semences, cr\u00e9eront une \u0153uvre d&rsquo;art et diffuseront des messages de r\u00e9sistance et de solidarit\u00e9. Une <a href=\"https:\/\/docs.google.com\/document\/d\/1VVUPCTEQOj731hADMO_u-dIlhznudENefns1pkZHxoc\/edit\" target=\"_blank\" rel=\"noopener\" data-cke-saved-href=\"https:\/\/docs.google.com\/document\/d\/1VVUPCTEQOj731hADMO_u-dIlhznudENefns1pkZHxoc\/edit\">lettre ouverte<\/a> soulignant la n\u00e9cessit\u00e9 de prot\u00e9ger les terres agricoles du Canada circule, et elle a d\u00e9j\u00e0 re\u00e7u le soutien d&rsquo;organisations importantes en mati\u00e8re de politique alimentaire et de justice climatique.<\/p>\n<p>Le Canada subit une h\u00e9morragie de fermi\u00e8res. Des rapports r\u00e9cents montrent que 40 % des exploitants agricoles canadiens pr\u00e9voient de prendre leur retraite au cours de la prochaine d\u00e9cennie. <a href=\"https:\/\/thoughtleadership.rbc.com\/farmers-wanted-the-labour-renewal-canada-needs-to-build-the-next-green-revolution\/\" target=\"_blank\" rel=\"noopener\" data-cke-saved-href=\"https:\/\/thoughtleadership.rbc.com\/farmers-wanted-the-labour-renewal-canada-needs-to-build-the-next-green-revolution\/\">La majorit\u00e9 d&rsquo;<\/a> entre eux n&rsquo;ont pas de plan de succession.<\/p>\n<p>Le principal obstacle auquel se heurtent les nouveaux fermiers est l&rsquo;acc\u00e8s aux terres agricoles. D&rsquo;ici 2033, on s&rsquo;attend \u00e0 une p\u00e9nurie de 24 000 ouvriers agricoles, p\u00e9pini\u00e9ristes et serristes. Les jeunes fermiers et les intendants des terres autochtones ne peuvent pas cultiver, r\u00e9colter et produire des aliments sans un acc\u00e8s s\u00e9curis\u00e9 \u00e0 la terre. Les Noirs, les autochtones et les fermiers de couleur sont particuli\u00e8rement d\u00e9savantag\u00e9s par des g\u00e9n\u00e9rations de politiques discriminatoires et coloniales qui continuent de les d\u00e9poss\u00e9der de leurs terres.<\/p>\n<p>Les grandes soci\u00e9t\u00e9s d&rsquo;investissement rendent le co\u00fbt des terrains hors de port\u00e9e. Le co\u00fbt des terres agricoles est fauss\u00e9 par les int\u00e9r\u00eats des soci\u00e9t\u00e9s d&rsquo;investissement qui ach\u00e8tent des terres \u00e0 un prix bien sup\u00e9rieur \u00e0 celui du march\u00e9. Rien qu&rsquo;en Saskatchewan, les grands investisseurs et les propri\u00e9taires absents ont achet\u00e9 un million d&rsquo;acres de terres agricoles au cours des 20 derni\u00e8res ann\u00e9es, soit une superficie presque 18 fois sup\u00e9rieure \u00e0 celle de Saskatoon. Ces achats ont fait augmenter le co\u00fbt des terres agricoles de <a href=\"https:\/\/theconversation.com\/growing-farmland-inequality-in-the-prairies-poses-problems-for-all-canadians-196777\" target=\"_blank\" rel=\"noopener\" data-cke-saved-href=\"https:\/\/theconversation.com\/growing-farmland-inequality-in-the-prairies-poses-problems-for-all-canadians-196777\">16 % par an<\/a> en moyenne. La valeur moyenne des terres agricoles cultiv\u00e9es en Ontario a augment\u00e9 de <a href=\"https:\/\/www.fcc-fac.ca\/fcc\/resources\/2022-farmland-values-report-e.pdf\" target=\"_blank\" rel=\"noopener\" data-cke-saved-href=\"https:\/\/www.fcc-fac.ca\/fcc\/resources\/2022-farmland-values-report-e.pdf\">19,4 % en 2022<\/a>. Dans ces conditions, les fermi\u00e8res n&rsquo;ont pas les moyens d&rsquo;exploiter leur ferme. La Nationale des Fermiers demande au gouvernement f\u00e9d\u00e9ral de ne plus permettre aux soci\u00e9t\u00e9s d&rsquo;investissement pr\u00e9datrices de jouer avec le syst\u00e8me alimentaire canadien.<\/p>\n<p>\u00ab\u00a0Nous savons ce qui se passe lorsque les sp\u00e9culateurs fonciers sont autoris\u00e9s \u00e0 se d\u00e9cha\u00eener\u00a0\u00bb, d\u00e9clare Rav Singh, conseiller jeunesse pour l&rsquo;UNF-Ontario. \u00ab\u00a0Ce sont des sp\u00e9culateurs fonciers qui ont achet\u00e9 des terres agricoles de la Ceinture de verdure avec l&rsquo;aide du gouvernement Ford, dans le but de les paver et d&rsquo;y construire des maisons de ville haut de gamme. Les soci\u00e9t\u00e9s d&rsquo;investissement ne devraient pas avoir le pouvoir de jouer avec l&rsquo;avenir de l&rsquo;agriculture.<\/p>\n<p>\u00ab\u00a0Nos gouvernements doivent tirer le frein d&rsquo;urgence et garder les terres agricoles entre les mains des fermiers\u00a0\u00bb, d\u00e9clare Jessie MacInnis, pr\u00e9sident des jeunes de l&rsquo;UNF. \u00ab\u00a0Nous avons besoin d&rsquo;une l\u00e9gislation fonci\u00e8re qui favorise la prochaine g\u00e9n\u00e9ration de fermiers, et non les soci\u00e9t\u00e9s d&rsquo;investissement. La Nationale des Fermiers exige que les gouvernements promulguent une interdiction totale de la propri\u00e9t\u00e9 des terres agricoles par les investisseurs.\u00a0\u00bb<\/p>\n","protected":false},"excerpt":{"rendered":"<p>Les membres et les sympathisants de la Nationale des Fermiers se rassemblent pour prot\u00e9ger de la sp\u00e9culation les quelques terres agricoles viables du Canada. REMARQUE: L&rsquo;heure du rassemblement a \u00e9t\u00e9<\/p>\n","protected":false},"author":2,"featured_media":25711,"comment_status":"closed","ping_status":"closed","sticky":false,"template":"","format":"standard","meta":{"_acf_changed":false,"_tec_requires_first_save":true,"_EventAllDay":false,"_EventTimezone":"","_EventStartDate":"","_EventEndDate":"","_EventStartDateUTC":"","_EventEndDateUTC":"","_EventShowMap":false,"_EventShowMapLink":false,"_EventURL":"","_EventCost":"","_EventCostDescription":"","_EventCurrencySymbol":"","_EventCurrencyCode":"","_EventCurrencyPosition":"","_EventDateTimeSeparator":"","_EventTimeRangeSeparator":"","_EventOrganizerID":[],"_EventVenueID":[],"_OrganizerEmail":"","_OrganizerPhone":"","_OrganizerWebsite":"","_VenueAddress":"","_VenueCity":"","_VenueCountry":"","_VenueProvince":"","_VenueState":"","_VenueZip":"","_VenuePhone":"","_VenueURL":"","_VenueStateProvince":"","_VenueLat":"","_VenueLng":"","_VenueShowMap":false,"_VenueShowMapLink":false,"_tribe_blocks_recurrence_rules":"","_tribe_blocks_recurrence_description":"","_tribe_blocks_recurrence_exclusions":"","_ecp_custom_4":"","_ecp_custom_7":"","_ecp_custom_9":"","_ecp_custom_10":"","_ecp_custom_12":"","_ecp_custom_13":"","footnotes":""},"categories":[295],"tags":[403,362],"post_region":[],"post_campaign":[333],"class_list":["post-26509","post","type-post","status-publish","format-standard","has-post-thumbnail","hentry","category-communique-de-presse","tag-les-jeunes","tag-terres-agricoles","post_campaign-propriete-des-terres-agricoles"],"acf":[],"_links":{"self":[{"href":"https:\/\/www.nfu.ca\/fr\/wp-json\/wp\/v2\/posts\/26509","targetHints":{"allow":["GET"]}}],"collection":[{"href":"https:\/\/www.nfu.ca\/fr\/wp-json\/wp\/v2\/posts"}],"about":[{"href":"https:\/\/www.nfu.ca\/fr\/wp-json\/wp\/v2\/types\/post"}],"author":[{"embeddable":true,"href":"https:\/\/www.nfu.ca\/fr\/wp-json\/wp\/v2\/users\/2"}],"replies":[{"embeddable":true,"href":"https:\/\/www.nfu.ca\/fr\/wp-json\/wp\/v2\/comments?post=26509"}],"version-history":[{"count":1,"href":"https:\/\/www.nfu.ca\/fr\/wp-json\/wp\/v2\/posts\/26509\/revisions"}],"predecessor-version":[{"id":43904,"href":"https:\/\/www.nfu.ca\/fr\/wp-json\/wp\/v2\/posts\/26509\/revisions\/43904"}],"wp:featuredmedia":[{"embeddable":true,"href":"https:\/\/www.nfu.ca\/fr\/wp-json\/wp\/v2\/media\/25711"}],"wp:attachment":[{"href":"https:\/\/www.nfu.ca\/fr\/wp-json\/wp\/v2\/media?parent=26509"}],"wp:term":[{"taxonomy":"category","embeddable":true,"href":"https:\/\/www.nfu.ca\/fr\/wp-json\/wp\/v2\/categories?post=26509"},{"taxonomy":"post_tag","embeddable":true,"href":"https:\/\/www.nfu.ca\/fr\/wp-json\/wp\/v2\/tags?post=26509"},{"taxonomy":"post_region","embeddable":true,"href":"https:\/\/www.nfu.ca\/fr\/wp-json\/wp\/v2\/post_region?post=26509"},{"taxonomy":"post_campaign","embeddable":true,"href":"https:\/\/www.nfu.ca\/fr\/wp-json\/wp\/v2\/post_campaign?post=26509"}],"curies":[{"name":"wp","href":"https:\/\/api.w.org\/{rel}","templated":true}]}}