
{"id":26475,"date":"2023-03-10T09:33:45","date_gmt":"2023-03-10T15:33:45","guid":{"rendered":"https:\/\/www.nfu.ca\/lettre-les-detenteurs-de-baux-sur-les-terres-de-la-couronne-meritent-un-vote\/"},"modified":"2025-10-02T23:50:43","modified_gmt":"2025-10-03T05:50:43","slug":"lettre-les-detenteurs-de-baux-sur-les-terres-de-la-couronne-meritent-un-vote","status":"publish","type":"post","link":"https:\/\/www.nfu.ca\/fr\/lettre-les-detenteurs-de-baux-sur-les-terres-de-la-couronne-meritent-un-vote\/","title":{"rendered":"Lettre &#8211; Les d\u00e9tenteurs de baux sur les terres de la Couronne m\u00e9ritent un vote"},"content":{"rendered":"<p>Depuis 2016, Manitoba Beef Producers (MBP) et les ministres de l&rsquo;Agriculture du Manitoba ont mal servi 1 700 d\u00e9tenteurs de baux de terres agricoles de la Couronne du Manitoba et ont d\u00e9truit le syst\u00e8me de transfert d&rsquo;unit\u00e9s bas\u00e9 sur des points. C&rsquo;est un scandale.<\/p>\n<p>Il s&rsquo;agit d&rsquo;un scandale d\u00e9guis\u00e9 en \u00ab\u00a0r\u00e9duction de la paperasserie\u00a0\u00bb et motiv\u00e9 par l&rsquo;id\u00e9e erron\u00e9e que l&rsquo;acc\u00e8s aux terres agricoles de la Couronne pour l&rsquo;\u00e9levage bovin devait \u00eatre am\u00e9lior\u00e9. Pour citer MBP sur le sujet, dans le num\u00e9ro de mars 2017 de son magazine Cattle Country : \u00a0\u00bb &#8230; le ministre de l&rsquo;Agriculture a annonc\u00e9 son objectif d&rsquo;augmenter le cheptel bovin provincial pour atteindre les chiffres d&rsquo;avant l&rsquo;ESB et, pour ce faire, il sera essentiel d&rsquo;am\u00e9liorer l&rsquo;acc\u00e8s aux terres agricoles de la Couronne au Manitoba. \u00a0\u00bb Apparemment, le ministre et le MBP ont cibl\u00e9 le syst\u00e8me de transfert de baux \u00e0 points pour emp\u00eacher l&rsquo;acc\u00e8s aux terres pour la production de vaches.<\/p>\n<p>Mais six ans plus tard, l&rsquo;objectif du ministre et du MBP a-t-il \u00e9t\u00e9 atteint ? Leur objectif ne tient pas compte des int\u00e9r\u00eats et des besoins des Manitobains, m\u00eame s&rsquo;il existe un d\u00e9sir d&rsquo;augmenter la taille du troupeau de vaches. Mais le passage au \u00ab\u00a0transfert flexible\u00a0\u00bb \u00e9tait en r\u00e9alit\u00e9 un passage \u00e0 la vente aux ench\u00e8res au prix le plus \u00e9lev\u00e9 pour le transfert des unit\u00e9s de location des terres agricoles de la Couronne \u00e0 partir de 2020.<\/p>\n<p>Il est regrettable que ce soit la voie qui ait \u00e9t\u00e9 choisie. La mauvaise situation du march\u00e9 du b\u00e9tail a eu un effet plus important sur la capacit\u00e9 des \u00e9leveurs \u00e0 acc\u00e9der aux terres de la Couronne que le syst\u00e8me de transfert de l&rsquo;\u00e9poque, tout comme la s\u00e9cheresse et les inondations.<\/p>\n<p>Le MBP fait maintenant marche arri\u00e8re sur son syst\u00e8me de transfert d&rsquo;unit\u00e9s au plus offrant, mal conseill\u00e9 par les ministres. Et le ministre dit maintenant que 50 % de l&rsquo;augmentation des frais pour 2023 sera annul\u00e9e &#8211; ce qui, je le note, indique clairement qu&rsquo;il y a eu une augmentation &#8211; et qu&rsquo;il y aura une retenue de 33 % sur l&rsquo;augmentation pour l&rsquo;ann\u00e9e prochaine. Mais il s&rsquo;agit simplement de repousser un peu plus loin la ponction de la province, et le taux plein finira par \u00eatre appliqu\u00e9.<\/p>\n<p>Les ventes aux ench\u00e8res ne se font plus en personne et les nouvelles r\u00e8gles pr\u00e9voyant des baux plus courts de 15 ans ont d\u00e9valu\u00e9 les actifs des d\u00e9tenteurs de baux de terres de la Couronne qui partent \u00e0 la retraite. Les r\u00e9gimes de retraite sont en d\u00e9sordre et en difficult\u00e9.<\/p>\n<p>\u00c0 l&rsquo;autre bout du spectre, les jeunes \u00e9leveurs doivent maintenant financer une offre de vente aux ench\u00e8res initiale et des frais de location trois fois plus \u00e9lev\u00e9s, le tout pour des dur\u00e9es de location plus courtes. Ce jeune titulaire d&rsquo;un bail sera-t-il assur\u00e9 d&rsquo;obtenir un nouveau bail de 15 ans ?<\/p>\n<p>La situation est d&rsquo;autant plus confuse que les conditions du bail ne sont pas claires quant \u00e0 la possibilit\u00e9 de transf\u00e9rer le bail \u00e0 la g\u00e9n\u00e9ration suivante qui le souhaite. Dans le syst\u00e8me pr\u00e9c\u00e9dent, le transfert \u00e0 la g\u00e9n\u00e9ration suivante \u00e9tait possible gr\u00e2ce au syst\u00e8me de points et le transfert d&rsquo;actifs \u00e9tait reconnu et pay\u00e9 au retrait\u00e9.<\/p>\n<p>Les droits plus \u00e9lev\u00e9s et les droits de vente aux ench\u00e8res constituent de nouvelles recettes pour la province. Mais cela ne tient pas compte d&rsquo;un impact plus important sur les r\u00e9sultats de la province, sous la forme de communaut\u00e9s rurales vid\u00e9es de leur substance. En effet, il n&rsquo;est plus n\u00e9cessaire que les soumissionnaires pour les terres de la Couronne du Manitoba soient des r\u00e9sidents du Manitoba, et il n&rsquo;est plus n\u00e9cessaire que les titulaires de baux vivent sur leur bail, ou m\u00eame \u00e0 proximit\u00e9.<\/p>\n<p>On dit que jusqu&rsquo;\u00e0 pr\u00e9sent, la province a per\u00e7u 5 millions de dollars de recettes suppl\u00e9mentaires gr\u00e2ce au nouveau syst\u00e8me de location. Si tel est le cas &#8211; et j&rsquo;admets qu&rsquo;il ne s&rsquo;agit pour l&rsquo;instant que d&rsquo;une rumeur &#8211; cela repr\u00e9senterait plus de 3 300 b\u0153ufs, d&rsquo;une valeur marchande de 1 500 dollars. En quoi cela augmente-t-il le cheptel bovin de la province ? \u00c0 qui MBP et le ministre demandent-ils d&rsquo;\u00e9lever ces 3 300 b\u0153ufs ?<\/p>\n<p>J&rsquo;habite \u00e0 c\u00f4t\u00e9 de terres publiques et je m&rsquo;inqui\u00e8te pour mes voisins et pour la gestion actuelle des terres publiques. Le MBP et moi-m\u00eame savons qu&rsquo;il s&rsquo;agit d&rsquo;un bien public et d&rsquo;un territoire r\u00e9gi par le trait\u00e9.<\/p>\n<p>Je demande &#8211; et les titulaires de baux doivent demander &#8211; au gouvernement provincial d&rsquo;organiser un r\u00e9f\u00e9rendum aupr\u00e8s des titulaires de baux de terres agricoles de la Couronne entre 2015 et aujourd&rsquo;hui et de leur poser la question cruciale : Les titulaires de baux souhaitent-ils que la province mette fin \u00e0 son syst\u00e8me du plus offrant et r\u00e9tablisse le syst\u00e8me de points et des frais de location plus raisonnables ?<\/p>\n<p>C&rsquo;est une simple question \u00e0 laquelle il faut r\u00e9pondre par oui ou par non.<\/p>\n<p>Ian L. Robson<\/p>\n<p>Deleau, Man.<\/p>\n","protected":false},"excerpt":{"rendered":"<p>Je demande &#8211; et les titulaires de baux doivent demander &#8211; au gouvernement provincial d&rsquo;organiser un r\u00e9f\u00e9rendum aupr\u00e8s des titulaires de baux de terres agricoles de la Couronne entre 2015 et aujourd&rsquo;hui et de leur poser la question cruciale : Les titulaires de baux souhaitent-ils que la province mette fin \u00e0 son syst\u00e8me du plus offrant et r\u00e9tablisse le syst\u00e8me de points et des frais de location plus raisonnables ?<\/p>\n","protected":false},"author":26,"featured_media":25041,"comment_status":"closed","ping_status":"closed","sticky":false,"template":"","format":"standard","meta":{"_acf_changed":false,"_tec_requires_first_save":true,"_EventAllDay":false,"_EventTimezone":"","_EventStartDate":"","_EventEndDate":"","_EventStartDateUTC":"","_EventEndDateUTC":"","_EventShowMap":false,"_EventShowMapLink":false,"_EventURL":"","_EventCost":"","_EventCostDescription":"","_EventCurrencySymbol":"","_EventCurrencyCode":"","_EventCurrencyPosition":"","_EventDateTimeSeparator":"","_EventTimeRangeSeparator":"","_EventOrganizerID":[],"_EventVenueID":[],"_OrganizerEmail":"","_OrganizerPhone":"","_OrganizerWebsite":"","_VenueAddress":"","_VenueCity":"","_VenueCountry":"","_VenueProvince":"","_VenueState":"","_VenueZip":"","_VenuePhone":"","_VenueURL":"","_VenueStateProvince":"","_VenueLat":"","_VenueLng":"","_VenueShowMap":false,"_VenueShowMapLink":false,"_tribe_blocks_recurrence_rules":"","_tribe_blocks_recurrence_description":"","_tribe_blocks_recurrence_exclusions":"","_ecp_custom_4":"","_ecp_custom_7":"","_ecp_custom_9":"","_ecp_custom_10":"","_ecp_custom_12":"","_ecp_custom_13":"","footnotes":""},"categories":[305],"tags":[366,362],"post_region":[323],"post_campaign":[342,333,345],"class_list":["post-26475","post","type-post","status-publish","format-standard","has-post-thumbnail","hentry","category-lettre","tag-betail","tag-terres-agricoles","post_region-region-5","post_campaign-betail","post_campaign-propriete-des-terres-agricoles","post_campaign-proteger-patrimoine-commun"],"acf":[],"_links":{"self":[{"href":"https:\/\/www.nfu.ca\/fr\/wp-json\/wp\/v2\/posts\/26475","targetHints":{"allow":["GET"]}}],"collection":[{"href":"https:\/\/www.nfu.ca\/fr\/wp-json\/wp\/v2\/posts"}],"about":[{"href":"https:\/\/www.nfu.ca\/fr\/wp-json\/wp\/v2\/types\/post"}],"author":[{"embeddable":true,"href":"https:\/\/www.nfu.ca\/fr\/wp-json\/wp\/v2\/users\/26"}],"replies":[{"embeddable":true,"href":"https:\/\/www.nfu.ca\/fr\/wp-json\/wp\/v2\/comments?post=26475"}],"version-history":[{"count":1,"href":"https:\/\/www.nfu.ca\/fr\/wp-json\/wp\/v2\/posts\/26475\/revisions"}],"predecessor-version":[{"id":43902,"href":"https:\/\/www.nfu.ca\/fr\/wp-json\/wp\/v2\/posts\/26475\/revisions\/43902"}],"wp:featuredmedia":[{"embeddable":true,"href":"https:\/\/www.nfu.ca\/fr\/wp-json\/wp\/v2\/media\/25041"}],"wp:attachment":[{"href":"https:\/\/www.nfu.ca\/fr\/wp-json\/wp\/v2\/media?parent=26475"}],"wp:term":[{"taxonomy":"category","embeddable":true,"href":"https:\/\/www.nfu.ca\/fr\/wp-json\/wp\/v2\/categories?post=26475"},{"taxonomy":"post_tag","embeddable":true,"href":"https:\/\/www.nfu.ca\/fr\/wp-json\/wp\/v2\/tags?post=26475"},{"taxonomy":"post_region","embeddable":true,"href":"https:\/\/www.nfu.ca\/fr\/wp-json\/wp\/v2\/post_region?post=26475"},{"taxonomy":"post_campaign","embeddable":true,"href":"https:\/\/www.nfu.ca\/fr\/wp-json\/wp\/v2\/post_campaign?post=26475"}],"curies":[{"name":"wp","href":"https:\/\/api.w.org\/{rel}","templated":true}]}}