
{"id":26473,"date":"2023-04-17T07:16:19","date_gmt":"2023-04-17T13:16:19","guid":{"rendered":"https:\/\/www.nfu.ca\/hommage-aux-luttes-pour-la-souverainete-et-les-droits-alimentaires-journee-internationale-des-luttes-paysannes-number-17avril2023\/"},"modified":"2025-10-02T22:11:19","modified_gmt":"2025-10-03T04:11:19","slug":"hommage-aux-luttes-pour-la-souverainete-et-les-droits-alimentaires-journee-internationale-des-luttes-paysannes-number-17avril2023","status":"publish","type":"post","link":"https:\/\/www.nfu.ca\/fr\/hommage-aux-luttes-pour-la-souverainete-et-les-droits-alimentaires-journee-internationale-des-luttes-paysannes-number-17avril2023\/","title":{"rendered":"Hommage aux luttes pour la souverainet\u00e9 et les droits alimentaires : Journ\u00e9e internationale des luttes paysannes #17avril2023"},"content":{"rendered":"<p>Depuis 1996, les paysans et les fermiers du monde entier se souviennent du massacre d&rsquo;Eldorado do Caraj\u00e1s, au Br\u00e9sil, o\u00f9 dix-neuf <a rel=\"noopener\" target=\"_blank\" href=\"https:\/\/www.amnesty.org\/en\/latest\/press-release\/2016\/04\/the-eldorado-dos-carajas-massacre-20-years-of-impunity-and-violence-in-brazil\/\">paysans sans terre ont \u00e9t\u00e9 assassin\u00e9s<\/a> pour avoir d\u00e9fendu leurs droits \u00e0 des terres prot\u00e9g\u00e9es par la loi br\u00e9silienne. Des d\u00e9cennies plus tard, les paysans, les fermiers, les travailleurs agricoles, les peuples indig\u00e8nes et les autres peuples ruraux organis\u00e9s au sein de La Via Campesina continuent de s&rsquo;unir dans un esprit de justice et de solidarit\u00e9. En ce<sup>17<\/sup> avril, Journ\u00e9e internationale des luttes paysannes, nous rendons hommage aux luttes men\u00e9es par les paysans, les fermiers, les ouvriers agricoles et les peuples autochtones pour d\u00e9fendre leurs droits.<\/p>\n<p>Alors que les crises du climat et de la biodiversit\u00e9 menacent l&rsquo;avenir de l&rsquo;humanit\u00e9, et que les paysans et les fermiers de nombreuses r\u00e9gions du monde sont confront\u00e9s \u00e0 des s\u00e9cheresses d\u00e9vastatrices et \u00e0 des inondations catastrophiques, l&rsquo;UNF travaille avec ses alli\u00e9s pour <a href=\"https:\/\/www.nfu.ca\/fr\/publications\/sattaquer-a-la-crise-agricole-et-a-la-crise-climatique\/\">renforcer les pratiques agro\u00e9cologiques et les solutions men\u00e9es par les fermiers<\/a>, en opposition aux fausses solutions promues par les soci\u00e9t\u00e9s agro-industrielles. Pour faire ce bond en avant vers un syst\u00e8me alimentaire plus juste sur le plan \u00e9cologique, nous savons que nous devons nous attaquer aux crises sociales d&rsquo;oppression et d&rsquo;injustice et reconstruire les relations les uns avec les autres.<\/p>\n<p>Nous reconnaissons qu&rsquo;en tant que fermi\u00e8res, nous avons la responsabilit\u00e9 unique d&rsquo;\u00e9tablir des relations et d&rsquo;honorer les trait\u00e9s avec les peuples autochtones dont les territoires sont indispensables \u00e0 notre subsistance et \u00e0 notre survie. Nous <a href=\"https:\/\/www.nfu.ca\/fr\/union-nationale-des-fermiers-en-solidarite-avec-les-defenseurs-des-terres-de-wetsuweten\/\">sommes solidaires<\/a> des communaut\u00e9s autochtones qui r\u00e9sistent \u00e0 l&rsquo;extraction des ressources sur leurs territoires et dans leurs nations et nous <a href=\"https:\/\/www.nfu.ca\/fr\/lunf-demande-aux-deputes-de-soutenir-le-projet-de-loi-c-262-sur-la-declaration-des-nations-unies-sur-les-droits-des-peuples-autochtones\/\">soutenons<\/a> la mise en \u0153uvre de la D\u00e9claration des Nations unies sur les droits des peuples autochtones (UNDRIP).<\/p>\n<p>Au Canada, nous soutenons les<a href=\"https:\/\/www.nfu.ca\/fr\/les-travailleurs-agricoles-jamaicains-demandent-justice\/\"> appels \u00e0 la justice des travailleurs migrants<\/a>. Nous reconnaissons et cherchons \u00e0 remettre en question la <a href=\"https:\/\/www.nfu.ca\/fr\/journee-internationale-des-travailleurs-lunf-prend-la-parole\/\">discrimination syst\u00e9mique, le racisme et l&rsquo;in\u00e9galit\u00e9<\/a> inh\u00e9rents au Programme des travailleurs agricoles saisonniers (PTAS) et \u00e0 d&rsquo;autres programmes de travailleurs \u00e9trangers temporaires. La valorisation des travailleurs migrants en tant qu&rsquo;\u00eatres humains et membres \u00e0 part enti\u00e8re de nos communaut\u00e9s, dont les <a href=\"https:\/\/www.nfu.ca\/fr\/lettre-travailleurs-migrants-essentiels\/\">comp\u00e9tences et le travail doivent \u00eatre respect\u00e9s<\/a>, est au c\u0153ur d&rsquo;un syst\u00e8me alimentaire prosp\u00e8re et socialement juste.<\/p>\n<p>Nous rappelons au gouvernement canadien son obligation internationale de veiller \u00e0 ce que les soci\u00e9t\u00e9s transnationales op\u00e9rant dans les communaut\u00e9s rurales, tant dans le monde que dans son propre pays, ne violent pas les droits des paysans, des fermi\u00e8res familiales et des peuples autochtones.<\/p>\n<p>En tant qu&rsquo;organisation, nous r\u00e9affirmons notre engagement \u00e0 lutter pour une politique agricole conforme aux droits inscrits dans la <a rel=\"noopener\" target=\"_blank\" href=\"https:\/\/viacampesina.org\/en\/undrop-illustrations\/\">D\u00e9claration des Nations unies sur les droits des paysans (UNDROP)<\/a>. En tant que membres de La Via Campesina, nous demandons \u00e0 notre gouvernement de mettre en \u0153uvre le PNUD, qui a \u00e9t\u00e9 approuv\u00e9 par l&rsquo;Assembl\u00e9e g\u00e9n\u00e9rale des Nations unies en d\u00e9cembre 2018. Outre le droit de conserver, d&rsquo;\u00e9changer et de vendre des semences de ferme et le droit d&rsquo;acc\u00e8s \u00e0 la terre et aux ressources naturelles, les dispositions de la D\u00e9claration consacrent le droit des producteurs de denr\u00e9es alimentaires \u00e0 participer \u00e0 l&rsquo;\u00e9laboration et \u00e0 l&rsquo;ex\u00e9cution de tous les programmes qui les concernent, le droit \u00e0 l&rsquo;information concernant tous les aspects de l&rsquo;agriculture, le droit \u00e0 la sant\u00e9, y compris le droit de refuser un travail dangereux, et bien d&rsquo;autres choses encore. Elle reconna\u00eet \u00e9galement la n\u00e9cessit\u00e9 pour les pays d&rsquo;aider les fermi\u00e8res \u00e0 op\u00e9rer une transition vers une agriculture respectueuse du climat et \u00e0 faible consommation d&rsquo;intrants.<\/p>\n<p>L&rsquo;UNDROP met l&rsquo;accent sur le fait que les paysans et les fermi\u00e8res sont des personnes pleinement engag\u00e9es dans l&rsquo;action politique qui ont droit \u00e0 des moyens de subsistance dignes, ce pour quoi nous continuons \u00e0 lutter au Canada et au niveau international.<\/p>\n<p>Partout dans le monde, les fermiers, les paysans, les ouvriers agricoles et les peuples autochtones luttent contre l&rsquo;extraction de richesses et la cupidit\u00e9 des soci\u00e9t\u00e9s transnationales qui subordonnent tous les syst\u00e8mes de vie et toutes les relations \u00e0 la recherche du profit. Nous sommes aux c\u00f4t\u00e9s de tous ceux qui luttent pour la sant\u00e9 et l&rsquo;\u00e9panouissement de la vie de tous les peuples et de la Terre nourrici\u00e8re.<\/p>\n<p><strong>30 ans de luttes collectives, d&rsquo;espoir et de solidarit\u00e9 !<\/strong><\/p>\n<p>#17April2023 #LVC30Years #PeasantResistance #StopTheRepression #UNDROP #FoodSovereignty<\/p>\n<p>Pour en savoir plus sur La Via Campesina, consultez le site <a rel=\"noopener\" target=\"_blank\" href=\"https:\/\/viacampesina.org\/en\/\">viacampesina.org\/fr\/<\/a><\/p>\n","protected":false},"excerpt":{"rendered":"<p>Depuis 1996, les paysans et les fermiers du monde entier se souviennent du massacre d&rsquo;Eldorado do Caraj\u00e1s, au Br\u00e9sil, o\u00f9 dix-neuf paysans sans terre ont \u00e9t\u00e9 assassin\u00e9s pour avoir d\u00e9fendu<\/p>\n","protected":false},"author":2,"featured_media":25389,"comment_status":"closed","ping_status":"closed","sticky":false,"template":"","format":"standard","meta":{"_acf_changed":false,"_tec_requires_first_save":true,"_EventAllDay":false,"_EventTimezone":"","_EventStartDate":"","_EventEndDate":"","_EventStartDateUTC":"","_EventEndDateUTC":"","_EventShowMap":false,"_EventShowMapLink":false,"_EventURL":"","_EventCost":"","_EventCostDescription":"","_EventCurrencySymbol":"","_EventCurrencyCode":"","_EventCurrencyPosition":"","_EventDateTimeSeparator":"","_EventTimeRangeSeparator":"","_EventOrganizerID":[],"_EventVenueID":[],"_OrganizerEmail":"","_OrganizerPhone":"","_OrganizerWebsite":"","_VenueAddress":"","_VenueCity":"","_VenueCountry":"","_VenueProvince":"","_VenueState":"","_VenueZip":"","_VenuePhone":"","_VenueURL":"","_VenueStateProvince":"","_VenueLat":"","_VenueLng":"","_VenueShowMap":false,"_VenueShowMapLink":false,"_tribe_blocks_recurrence_rules":"","_tribe_blocks_recurrence_description":"","_tribe_blocks_recurrence_exclusions":"","_ecp_custom_4":"","_ecp_custom_7":"","_ecp_custom_9":"","_ecp_custom_10":"","_ecp_custom_12":"","_ecp_custom_13":"","footnotes":""},"categories":[306],"tags":[381,375,400,401,382,380,361],"post_region":[],"post_campaign":[344,336],"class_list":["post-26473","post","type-post","status-publish","format-standard","has-post-thumbnail","hentry","category-nouvelles","tag-autochtone","tag-changement-climatique","tag-comite-des-programmes-internationaux","tag-la-via-campesina-lvc-fr","tag-solidarite-internationale","tag-souverainete-alimentaire","tag-travailleurs-agricoles","post_campaign-sante-mentale-fr","post_campaign-souverainete-alimentaire"],"acf":[],"_links":{"self":[{"href":"https:\/\/www.nfu.ca\/fr\/wp-json\/wp\/v2\/posts\/26473","targetHints":{"allow":["GET"]}}],"collection":[{"href":"https:\/\/www.nfu.ca\/fr\/wp-json\/wp\/v2\/posts"}],"about":[{"href":"https:\/\/www.nfu.ca\/fr\/wp-json\/wp\/v2\/types\/post"}],"author":[{"embeddable":true,"href":"https:\/\/www.nfu.ca\/fr\/wp-json\/wp\/v2\/users\/2"}],"replies":[{"embeddable":true,"href":"https:\/\/www.nfu.ca\/fr\/wp-json\/wp\/v2\/comments?post=26473"}],"version-history":[{"count":1,"href":"https:\/\/www.nfu.ca\/fr\/wp-json\/wp\/v2\/posts\/26473\/revisions"}],"predecessor-version":[{"id":43418,"href":"https:\/\/www.nfu.ca\/fr\/wp-json\/wp\/v2\/posts\/26473\/revisions\/43418"}],"wp:featuredmedia":[{"embeddable":true,"href":"https:\/\/www.nfu.ca\/fr\/wp-json\/wp\/v2\/media\/25389"}],"wp:attachment":[{"href":"https:\/\/www.nfu.ca\/fr\/wp-json\/wp\/v2\/media?parent=26473"}],"wp:term":[{"taxonomy":"category","embeddable":true,"href":"https:\/\/www.nfu.ca\/fr\/wp-json\/wp\/v2\/categories?post=26473"},{"taxonomy":"post_tag","embeddable":true,"href":"https:\/\/www.nfu.ca\/fr\/wp-json\/wp\/v2\/tags?post=26473"},{"taxonomy":"post_region","embeddable":true,"href":"https:\/\/www.nfu.ca\/fr\/wp-json\/wp\/v2\/post_region?post=26473"},{"taxonomy":"post_campaign","embeddable":true,"href":"https:\/\/www.nfu.ca\/fr\/wp-json\/wp\/v2\/post_campaign?post=26473"}],"curies":[{"name":"wp","href":"https:\/\/api.w.org\/{rel}","templated":true}]}}